{"id":106121,"date":"2022-03-02T23:59:44","date_gmt":"2022-03-03T02:59:44","guid":{"rendered":"http:\/\/vinasfm.com\/noticias\/?p=106121"},"modified":"2022-03-04T20:13:07","modified_gmt":"2022-03-04T23:13:07","slug":"desde-hoy-se-habilitan-las-inscripciones-para-acceder-a-las-becas-progresar-2022","status":"publish","type":"post","link":"https:\/\/vinasfm.com\/noticias\/desde-hoy-se-habilitan-las-inscripciones-para-acceder-a-las-becas-progresar-2022\/","title":{"rendered":"SE HABILITARON LAS INSCRIPCIONES PARA ACCEDER A LAS BECAS PROGRESAR 2022"},"content":{"rendered":"<h4><span style=\"color: #000000;\"><strong>El Ministerio de Educaci\u00f3n confirm\u00f3 a trav\u00e9s de la Administraci\u00f3n Nacional Seguridad Social (ANSES) que a partir del 1 de marzo se habilitar\u00e1n las inscripciones a las Becas Progresar 2022.<\/strong><\/span><\/h4>\n<p><span style=\"color: #000000;\">Las becas est\u00e1n dise\u00f1adas para j\u00f3venes que deseen finalizar sus estudios del nivel obligatorio y educaci\u00f3n superior, con nuevos montos y requisitos, p<strong>or lo que otorga un subsidio mensual de\u00a0$5.600 a $10.000.<\/strong><\/span><\/p>\n<p><span style=\"color: #000000;\">A partir de este martes, la cartera educativa pondr\u00e1 en disposici\u00f3n el formulario para completar la inscripci\u00f3n y entre otras novedades que se presentan, podr\u00e1n acceder estudiantes de enfermer\u00eda sin l\u00edmite de edad.<\/span><\/p>\n<p><span style=\"color: #000000;\">Adem\u00e1s a principio de a\u00f1o se anunci\u00f3 la ampliaci\u00f3n de las\u00a0Becas Progresar para j\u00f3venes de 16 y 17 a\u00f1os\u00a0de nivel secundario, con el prop\u00f3sito de que puedan anotarse y finalizar sus estudios.<\/span><\/p>\n<h4><span style=\"color: #000000;\"><strong>Qu\u00e9 son las Becas Progresar<\/strong><\/span><\/h4>\n<p><span style=\"color: #000000;\">La asistencia econ\u00f3mica tiene el objetivo\u00a0de acompa\u00f1ar a lo<b>s j\u00f3venes estudiantes a que finalicen sus estudios.<\/b><\/span><\/p>\n<ul>\n<li><span style=\"color: #000000;\">Estudiantes entre 18 y 24 a\u00f1os de edad cumplidos que sean alumna o alumno regular de una instituci\u00f3n educativa<\/span><\/li>\n<li><span style=\"color: #000000;\">Avanzados en la carreras hasta 30 a\u00f1os de edad (en el caso de tener hijos menores de 18 a\u00f1os a cargo, el l\u00edmite se extiende hasta los 35 a\u00f1os)<\/span><\/li>\n<li><span style=\"color: #000000;\">Estudiantes de enfermer\u00eda o poblaciones vulnerables, sin l\u00edmite de edad. Los ingresos del grupo familiar de las y los aspirantes deben ser de hasta tres salarios m\u00ednimos, vitales y m\u00f3viles.<\/span><\/li>\n<\/ul>\n<p><span style=\"color: #000000;\"><strong>Gracias a la \u00faltima ampliaci\u00f3n, son cinco los grupos a los que se puede acceder:<\/strong><\/span><\/p>\n<ul>\n<li><span style=\"color: #000000;\">Educaci\u00f3n Superior<\/span><\/li>\n<li><span style=\"color: #000000;\">Educaci\u00f3n Obligatoria<\/span><\/li>\n<li><span style=\"color: #000000;\">Educaci\u00f3n Obligatoria &#8211; 16 y 17 a\u00f1os<\/span><\/li>\n<li><span style=\"color: #000000;\">Progresar Trabajo<\/span><\/li>\n<li><span style=\"color: #000000;\">Progresar Enfermer\u00eda<\/span><\/li>\n<\/ul>\n<h4><span style=\"color: #000000;\"><strong>Requisitos para la inscripci\u00f3n<\/strong><\/span><\/h4>\n<p><span style=\"color: #000000;\">Con\u00a0<strong>el \u00faltimo aumento del 3% en el Salario M\u00ednimo, Vital y M\u00f3vil (SMVM)<\/strong>, cambi\u00f3 uno de los requisitos clave en la instancia de solicitud: los topes l\u00edmites.\u00a0<strong>El SMVM actual se encuentra en $ 33.000.\u00a0<\/strong>De esta forma para acceder a las nuevas Becas Progresar,\u00a0<strong>los ingresos de la o el joven y los de su grupo familiar no deber\u00e1n ser superiores a $99.000.<\/strong><\/span><\/p>\n<h4><span style=\"color: #000000;\"><strong>Los montos otorgados por medio de las Becas Progresar son los siguientes:<\/strong><\/span><\/h4>\n<ul>\n<li><span style=\"color: #000000;\">Becas Progresar Obligatorio $5.677\u00a0<\/span><\/li>\n<li><span style=\"color: #000000;\">Becas Progresar Superior $5.677 y $6.366\u00a0(dependiendo el a\u00f1o)<\/span><\/li>\n<li><span style=\"color: #000000;\">Becas Progresar Enfermer\u00eda, de $6.000 a $10.000 (dependiendo el a\u00f1o)<\/span><\/li>\n<li><span style=\"color: #000000;\">Becas Progresar Trabajo: $5.677<\/span><\/li>\n<\/ul>\n<h4><span style=\"color: #000000;\"><strong>Bono conectividad<\/strong><\/span><\/h4>\n<p><span style=\"color: #000000;\"><b>El Gobierno nacional anunci\u00f3 que\u00a0<\/b>titulares de las Becas Progresar podr\u00e1n\u00a0<b>acceder a un pago extra de $1.000<\/b>\u00a0todos los meses el mismo d\u00eda que cobran por su prestaci\u00f3n.<\/span><\/p>\n<p><span style=\"color: #000000;\"><b>Este es llamado \u2018Bono Conectividad\u2019, para que todos puedan acceder al servicio de Internet.<\/b><\/span><\/p>\n<h4><span style=\"color: #000000;\"><strong>C\u00f3mo anotarse<\/strong><\/span><\/h4>\n<p><span style=\"color: #000000;\">El formulario de inscripci\u00f3n a las nuevas Becas Progresar 2022 en sus cinco l\u00edneas, estar\u00e1 disponible desde este martes 1 de marzo en el sitio oficial:<\/span>\u00a0<strong><a class=\"link\" href=\"https:\/\/www.argentina.gob.ar\/educacion\/progresar\" target=\"_blank\" rel=\"noopener\">www.argentina.gob.ar\/educacion\/progresar<\/a><\/strong><\/p>\n<h4><span style=\"color: #000000;\"><strong>Pago en marzo:<\/strong><\/span><\/h4>\n<ul>\n<li><span style=\"color: #000000;\">DNI terminados en 0: lunes 14\u00a0<\/span><\/li>\n<li><span style=\"color: #000000;\">DNI terminados en 1: martes 15<\/span><\/li>\n<li><span style=\"color: #000000;\">DNI terminados en 2:\u00a0mi\u00e9rcoles 16<\/span><\/li>\n<li><span style=\"color: #000000;\">DNI terminados en 3: jueves 17<\/span><\/li>\n<li><span style=\"color: #000000;\">DNI terminados en 4: viernes 18<\/span><\/li>\n<li><span style=\"color: #000000;\">DNI\u00a0 terminados en 5: lunes 21<\/span><\/li>\n<li><span style=\"color: #000000;\">DNI terminados en 6: martes 22<\/span><\/li>\n<li><span style=\"color: #000000;\">DNI terminados en 7: mi\u00e9rcoles 23<\/span><\/li>\n<li><span style=\"color: #000000;\">DNI terminados en 8: jueves 24\u00a0<\/span><\/li>\n<li><span style=\"color: #000000;\">DNI terminados en 9: viernes 25<\/span><\/li>\n<\/ul>\n","protected":false},"excerpt":{"rendered":"<p>El Ministerio de Educaci\u00f3n confirm\u00f3 a trav\u00e9s de la Administraci\u00f3n Nacional Seguridad Social (ANSES) que a partir del 1 de marzo &#8230;<\/p>\n","protected":false},"author":8,"featured_media":49808,"comment_status":"open","ping_status":"open","sticky":false,"template":"","format":"standard","meta":{"footnotes":""},"categories":[5,50],"tags":[],"class_list":["post-106121","post","type-post","status-publish","format-standard","has-post-thumbnail","hentry","category-actualidad","category-anses"],"_links":{"self":[{"href":"https:\/\/vinasfm.com\/noticias\/wp-json\/wp\/v2\/posts\/106121","targetHints":{"allow":["GET"]}}],"collection":[{"href":"https:\/\/vinasfm.com\/noticias\/wp-json\/wp\/v2\/posts"}],"about":[{"href":"https:\/\/vinasfm.com\/noticias\/wp-json\/wp\/v2\/types\/post"}],"author":[{"embeddable":true,"href":"https:\/\/vinasfm.com\/noticias\/wp-json\/wp\/v2\/users\/8"}],"replies":[{"embeddable":true,"href":"https:\/\/vinasfm.com\/noticias\/wp-json\/wp\/v2\/comments?post=106121"}],"version-history":[{"count":5,"href":"https:\/\/vinasfm.com\/noticias\/wp-json\/wp\/v2\/posts\/106121\/revisions"}],"predecessor-version":[{"id":106200,"href":"https:\/\/vinasfm.com\/noticias\/wp-json\/wp\/v2\/posts\/106121\/revisions\/106200"}],"wp:featuredmedia":[{"embeddable":true,"href":"https:\/\/vinasfm.com\/noticias\/wp-json\/wp\/v2\/media\/49808"}],"wp:attachment":[{"href":"https:\/\/vinasfm.com\/noticias\/wp-json\/wp\/v2\/media?parent=106121"}],"wp:term":[{"taxonomy":"category","embeddable":true,"href":"https:\/\/vinasfm.com\/noticias\/wp-json\/wp\/v2\/categories?post=106121"},{"taxonomy":"post_tag","embeddable":true,"href":"https:\/\/vinasfm.com\/noticias\/wp-json\/wp\/v2\/tags?post=106121"}],"curies":[{"name":"wp","href":"https:\/\/api.w.org\/{rel}","templated":true}]}}