{"id":106001,"date":"2022-02-26T23:59:48","date_gmt":"2022-02-27T02:59:48","guid":{"rendered":"http:\/\/vinasfm.com\/noticias\/?p=106001"},"modified":"2022-03-01T09:44:05","modified_gmt":"2022-03-01T12:44:05","slug":"voraz-incendio-provoco-perdidas-totales-en-una-vivienda-del-b-prensa","status":"publish","type":"post","link":"https:\/\/vinasfm.com\/noticias\/voraz-incendio-provoco-perdidas-totales-en-una-vivienda-del-b-prensa\/","title":{"rendered":"VORAZ INCENDIO PROVOC\u00d3 P\u00c9RDIDAS TOTALES EN UNA VIVIENDA DEL B\u00b0 PRENSA"},"content":{"rendered":"<h4><strong><span style=\"color: #000000;\">En horas de la tarde de este viernes, una familia que reside en barrio Prensa de Ciudad sufri\u00f3 p\u00e9rdidas totales luego de que un voraz incendio se propagara en el interior de su vivienda ubicada en calle 1 del B\u00b0 Prensa de Ciudad.<\/span><\/strong><\/h4>\n<h4><strong><span style=\"color: #000000;\">A\u00fan no se han establecido las causas que provocaron el siniestro que termin\u00f3 afectando todos los bienes materiales de la familia Becerra, quienes al momento del incendio no se encontraban en el inmueble.<\/span><\/strong><\/h4>\n<h4><strong><span style=\"color: #000000;\">Al notar el humo que sal\u00eda por las aberturas, los damnificados se comunicaron con el 911, raz\u00f3n por la que una dotaci\u00f3n de Bomberos de la Polic\u00eda se movilizaron hasta el lugar asistidos por un cami\u00f3n hidrante de la Municipalidad. Luego de varios minutos, vecinos y bomberos lograron sofocar las llamas.<\/span><\/strong><\/h4>\n<h4><span style=\"color: #000000;\"><strong>Todo aquel vecino que desee colaborar y ayudar a la familia de Luis Becerra, puede aportar lo que pueda en la siguiente cuenta:<\/strong><\/span><\/h4>\n<p><a href=\"http:\/\/vinasfm.com\/noticias\/wp-content\/uploads\/2022\/02\/dde53376-e48a-43e2-b3e9-781b741e667c.jpg\"><img loading=\"lazy\" decoding=\"async\" class=\" wp-image-106025 aligncenter\" src=\"http:\/\/vinasfm.com\/noticias\/wp-content\/uploads\/2022\/02\/dde53376-e48a-43e2-b3e9-781b741e667c-300x261.jpg\" alt=\"\" width=\"361\" height=\"314\" srcset=\"https:\/\/vinasfm.com\/noticias\/wp-content\/uploads\/2022\/02\/dde53376-e48a-43e2-b3e9-781b741e667c-300x261.jpg 300w, https:\/\/vinasfm.com\/noticias\/wp-content\/uploads\/2022\/02\/dde53376-e48a-43e2-b3e9-781b741e667c.jpg 666w\" sizes=\"auto, (max-width: 361px) 100vw, 361px\" \/><\/a><\/p>\n<p>&nbsp;<\/p>\n","protected":false},"excerpt":{"rendered":"<p>En horas de la tarde de este viernes, una familia que reside en barrio Prensa de Ciudad sufri\u00f3 p\u00e9rdidas totales luego &#8230;<\/p>\n","protected":false},"author":8,"featured_media":106002,"comment_status":"open","ping_status":"open","sticky":false,"template":"","format":"standard","meta":{"footnotes":""},"categories":[5,76],"tags":[],"class_list":["post-106001","post","type-post","status-publish","format-standard","has-post-thumbnail","hentry","category-actualidad","category-bomberos"],"_links":{"self":[{"href":"https:\/\/vinasfm.com\/noticias\/wp-json\/wp\/v2\/posts\/106001","targetHints":{"allow":["GET"]}}],"collection":[{"href":"https:\/\/vinasfm.com\/noticias\/wp-json\/wp\/v2\/posts"}],"about":[{"href":"https:\/\/vinasfm.com\/noticias\/wp-json\/wp\/v2\/types\/post"}],"author":[{"embeddable":true,"href":"https:\/\/vinasfm.com\/noticias\/wp-json\/wp\/v2\/users\/8"}],"replies":[{"embeddable":true,"href":"https:\/\/vinasfm.com\/noticias\/wp-json\/wp\/v2\/comments?post=106001"}],"version-history":[{"count":4,"href":"https:\/\/vinasfm.com\/noticias\/wp-json\/wp\/v2\/posts\/106001\/revisions"}],"predecessor-version":[{"id":106027,"href":"https:\/\/vinasfm.com\/noticias\/wp-json\/wp\/v2\/posts\/106001\/revisions\/106027"}],"wp:featuredmedia":[{"embeddable":true,"href":"https:\/\/vinasfm.com\/noticias\/wp-json\/wp\/v2\/media\/106002"}],"wp:attachment":[{"href":"https:\/\/vinasfm.com\/noticias\/wp-json\/wp\/v2\/media?parent=106001"}],"wp:term":[{"taxonomy":"category","embeddable":true,"href":"https:\/\/vinasfm.com\/noticias\/wp-json\/wp\/v2\/categories?post=106001"},{"taxonomy":"post_tag","embeddable":true,"href":"https:\/\/vinasfm.com\/noticias\/wp-json\/wp\/v2\/tags?post=106001"}],"curies":[{"name":"wp","href":"https:\/\/api.w.org\/{rel}","templated":true}]}}