{"id":105886,"date":"2022-02-23T00:01:04","date_gmt":"2022-02-23T03:01:04","guid":{"rendered":"http:\/\/vinasfm.com\/noticias\/?p=105886"},"modified":"2022-02-23T23:28:15","modified_gmt":"2022-02-24T02:28:15","slug":"la-comision-vendimial-de-san-rafael-se-reunio-para-tomar-medidas-ante-los-videos-viralizados-por-parte-de-cielo-gimenez-embajadora-de-la-ganaderia-por-san-rafael","status":"publish","type":"post","link":"https:\/\/vinasfm.com\/noticias\/la-comision-vendimial-de-san-rafael-se-reunio-para-tomar-medidas-ante-los-videos-viralizados-por-parte-de-cielo-gimenez-embajadora-de-la-ganaderia-por-san-rafael\/","title":{"rendered":"LA COMISI\u00d3N VENDIMIAL DE SAN RAFAEL TOMAR\u00c1 UNA DECISI\u00d3N SOBRE CIELO GIM\u00c9NEZ, EMBAJADORA DE LA GANADERIA POR SAN RAFAEL"},"content":{"rendered":"<h4><span style=\"color: #000000;\">En el d\u00eda de ayer se viralizo un video de la representante de Ciudad de San Rafael, Cielo Gim\u00e9nez, quien el s\u00e1bado quedo como &#8216;Embajadora de San Rafael de la Ganader\u00eda&#8217;, en la madrugada subi\u00f3 a Instagram a &#8216;mejores amigos&#8217; donde habla mal de Vendimia y hace sus quejas al respecto de la Fiesta Nacional de Ganader\u00eda. Por estas horas de la ma\u00f1ana se reuni\u00f3 la Comisi\u00f3n Vendimial de San Rafael y el Ejecutivo Comunal.<\/span><\/h4>\n<p><span style=\"color: #000000;\">En el video que subi\u00f3,<em><strong> Cielo Gim\u00e9nez<\/strong><\/em> en la madrugada a Instagram (y que luego borr\u00f3),\u00a0en el primer video habla muy mal, tanto de la Vendimia como de sus compa\u00f1eras (con palabras irreproducibles e insultos), y hasta se queja porque no sabe nada de ganader\u00eda y que tiene que ponerse a estudiar.<strong><em> \u00abHay que rendir un examen, por lo que no puedo ganar con mi cara bonita\u00bb, dijo.<\/em><\/strong><\/span><\/p>\n<p><span style=\"color: #000000;\"><strong><em>\u00abLo \u00fanico bueno de esta Vendimia es que tengo un vestido gratis, que lo vendo por mensaje privado\u00bb, finaliz\u00f3 diciendo.<\/em><\/strong><\/span><\/p>\n<p><span style=\"color: #000000;\"><strong><em>La<\/em> <em>Comisi\u00f3n Vendimial de San Rafael se reuni\u00f3 en la ma\u00f1ana del d\u00eda de hoy en funci\u00f3n de lo sucedido con la electa &#8216;Embajadora de la Ganader\u00eda&#8217; por San Rafael<\/em><\/strong><em>,<\/em> hasta la ma\u00f1ana del d\u00eda de hoy se recibi\u00f3 por su parte un pedido de disculpas y una disposici\u00f3n a renunciar de forma informal, v\u00eda Whatsapp.\u00a0<\/span><\/p>\n<p><span style=\"color: #000000;\">Se decidi\u00f3 que <em><strong>si el pedido ingresa por Mesa de Entrada<\/strong><\/em> de la comuna sanrafaelina,<strong><em> la dimisi\u00f3n ser\u00e1 aceptada<\/em><\/strong>, se ha dispuesto un plaza de<em><strong> 24h a partir de su notificaci\u00f3n y en caso de que no suceda se proceder\u00e1 a su destituci\u00f3n en base a las facultades que tiene antes mencionada, establecido en el art\u00edculo 14 del contrato firmado por quienes participan.\u00a0<\/strong><\/em><\/span><\/p>\n<p><span style=\"color: #000000;\">En la reuni\u00f3n que mantuvo la Comisi\u00f3n Vendimial, parte de Ejecutivo Municipal y algunas concejales mujeres, se determin\u00f3 que el accionar de<strong><em> Cielo Gim\u00e9nez infringi\u00f3 las art\u00edculos 5 y 6 del convenio rubricado, donde las candidatas aceptan no incurrir en agresiones f\u00edsicas o verbales de manera personal o a trav\u00e9s de redes sociales<\/em><\/strong>.<\/span><\/p>\n","protected":false},"excerpt":{"rendered":"<p>En el d\u00eda de ayer se viralizo un video de la representante de Ciudad de San Rafael, Cielo Gim\u00e9nez, quien el &#8230;<\/p>\n","protected":false},"author":7,"featured_media":105887,"comment_status":"open","ping_status":"open","sticky":false,"template":"","format":"standard","meta":{"footnotes":""},"categories":[5,25],"tags":[],"class_list":["post-105886","post","type-post","status-publish","format-standard","has-post-thumbnail","hentry","category-actualidad","category-vendimia"],"_links":{"self":[{"href":"https:\/\/vinasfm.com\/noticias\/wp-json\/wp\/v2\/posts\/105886","targetHints":{"allow":["GET"]}}],"collection":[{"href":"https:\/\/vinasfm.com\/noticias\/wp-json\/wp\/v2\/posts"}],"about":[{"href":"https:\/\/vinasfm.com\/noticias\/wp-json\/wp\/v2\/types\/post"}],"author":[{"embeddable":true,"href":"https:\/\/vinasfm.com\/noticias\/wp-json\/wp\/v2\/users\/7"}],"replies":[{"embeddable":true,"href":"https:\/\/vinasfm.com\/noticias\/wp-json\/wp\/v2\/comments?post=105886"}],"version-history":[{"count":5,"href":"https:\/\/vinasfm.com\/noticias\/wp-json\/wp\/v2\/posts\/105886\/revisions"}],"predecessor-version":[{"id":105892,"href":"https:\/\/vinasfm.com\/noticias\/wp-json\/wp\/v2\/posts\/105886\/revisions\/105892"}],"wp:featuredmedia":[{"embeddable":true,"href":"https:\/\/vinasfm.com\/noticias\/wp-json\/wp\/v2\/media\/105887"}],"wp:attachment":[{"href":"https:\/\/vinasfm.com\/noticias\/wp-json\/wp\/v2\/media?parent=105886"}],"wp:term":[{"taxonomy":"category","embeddable":true,"href":"https:\/\/vinasfm.com\/noticias\/wp-json\/wp\/v2\/categories?post=105886"},{"taxonomy":"post_tag","embeddable":true,"href":"https:\/\/vinasfm.com\/noticias\/wp-json\/wp\/v2\/tags?post=105886"}],"curies":[{"name":"wp","href":"https:\/\/api.w.org\/{rel}","templated":true}]}}