{"id":105883,"date":"2022-02-23T10:00:18","date_gmt":"2022-02-23T13:00:18","guid":{"rendered":"http:\/\/vinasfm.com\/noticias\/?p=105883"},"modified":"2022-02-23T23:28:21","modified_gmt":"2022-02-24T02:28:21","slug":"mas-de-3-500-mendocinos-accedieron-a-nuevos-trabajos-gracias-al-progrma-enlazados","status":"publish","type":"post","link":"https:\/\/vinasfm.com\/noticias\/mas-de-3-500-mendocinos-accedieron-a-nuevos-trabajos-gracias-al-progrma-enlazados\/","title":{"rendered":"M\u00c1S DE 3.500 MENDOCINOS ACCEDIERON A NUEVOS TRABAJOS GRACIAS AL PROGRMA ENLAZADOS"},"content":{"rendered":"<h4><span style=\"color: #000000;\">En s\u00f3lo 7 meses, 799 pymes, comercios y emprendedores se apoyaron en esta iniciativa para generar empleo genuino. La provincia trabaja en una nueva ley que renueve el cupo laboral.<\/span><\/h4>\n<p><span style=\"color: #000000;\">El Ministerio de Econom\u00eda y Energ\u00eda, a trav\u00e9s de la Direcci\u00f3n General de Empleo y Capacitaci\u00f3n, difundi\u00f3 los n\u00fameros del \u00faltimo cierre estad\u00edstico del Programa Enlazados, que super\u00f3 en siete meses, el cupo de 3.500 nuevos puestos laborales, aprobados por la Legislatura mendocina.<\/span><\/p>\n<p><span style=\"color: #000000;\"><em><strong>\u201cCuando en julio de 2021 se empez\u00f3 a trabajar con Enlazados, se puso el objetivo de generar, en 12 meses, 3.500 puestos de trabajo genuinos y al 18 de febrero de este a\u00f1o, alcanzamos los 3.539, gracias al compromiso de las 799 empresas. Por eso, comenzamos a trabajar en una ley para poder extender el programa y adaptarlo mejor a las necesidades del mercado laboral\u201d<\/strong>,<\/em> sostuvo, <em><strong>Emilce Vega Espinoza, directora de Empleo y Capacitaci\u00f3n.<\/strong><\/em><\/span><\/p>\n<p><span style=\"color: #000000;\">El plan se implement\u00f3 junto con una serie de medidas del Gobierno de Mendoza para mantener la rueda de la producci\u00f3n, crear empleo y ayudar a las pymes locales. Se difundi\u00f3 en todos los departamentos y se trabaj\u00f3 en red con las oficinas de empleo de los municipios.<\/span><\/p>\n<p><span style=\"color: #000000;\">Los departamentos del \u00e1rea metropolitana, Ciudad, Godoy Cruz, Luj\u00e1n de Cuyo, Guaymall\u00e9n, Las Heras y Maip\u00fa lograron emplear a 2.729 personas. Mientras que la zona Este, gener\u00f3 282 nuevos puestos laborales; el Valle de Uco, 20 y <em><strong>los departamentos sure\u00f1os: General Alvear, San Rafael y Malarg\u00fce, 508.<\/strong><\/em><\/span><\/p>\n<p><span style=\"color: #000000;\">Con Enlazados, el Ministerio de Econom\u00eda y Energ\u00eda funcion\u00f3 como un puente entre quienes buscaban trabajo y quienes necesitaban nuevos trabajadores. Por cada trabajadora o trabajador que se incorpora desde julio de 2021, abon\u00f3 un monto mensual equivalente al 100% del Salario M\u00ednimo Vital y M\u00f3vil para una jornada laboral de tiempo completo.<\/span><\/p>\n<p><span style=\"color: #000000;\">Instrumentado junto con el plan de capacitaci\u00f3n Enlace, implementado en 2020, Mendoza Activa y programas educativos gratuitos para mejorar el curr\u00edculum y las capacidades de quienes demandan trabajo, Enlazados tuvo dos modalidades. Para las empresas que participaron en Enlazados en 2020 y dieron continuidad a los empleados que entrenaron, el Estado abon\u00f3 7 meses de salario m\u00ednimo fijado por Ley. Para las nuevas empresas, se abonaron 4 meses de subsidio.<\/span><\/p>\n<p><em><strong><span style=\"color: #000000;\">\u201cTodas las empresas y pymes de Mendoza pueden participar de este programa de subsidio a nuevos empleos. La condici\u00f3n es que no bajen la n\u00f3mina de trabajadores, ya que el objetivo es el crecimiento genuino en la provincia. Por eso analizamos una nueva versi\u00f3n de Enlazados que contemple las diversas necesidades laborales\u201d, explic\u00f3 Vega Espinoza.<\/span><\/strong><\/em><\/p>\n<p><span style=\"color: #000000;\">Seg\u00fan lo aprobado por ley, este programa lleg\u00f3 hasta un cupo de 3.500 nuevos trabajadores, que recibieron el salario del Estado y del contratante. De esta forma, a las empresas se les alivi\u00f3 una porci\u00f3n del sueldo durante los primeros meses y a los aspirantes de los 18 a los 55 a\u00f1os, se les otorg\u00f3 la oportunidad de acceder a nuevos puestos.\u00a0<\/span><\/p>\n<p><em><strong><span style=\"color: #000000;\">\u201cLas relaciones laborales se est\u00e1n generando e incrementando en la provincia, las empresas lo empiezan a notar. Estas medidas econ\u00f3micas vienen a acompa\u00f1ar a las pymes mendocinas que son las m\u00e1s comprometidas en cumplir con el objetivo que nos hemos planteado, generar empleo genuino\u201d, finaliz\u00f3 Vega Espinoza.<\/span><\/strong><\/em><\/p>\n","protected":false},"excerpt":{"rendered":"<p>En s\u00f3lo 7 meses, 799 pymes, comercios y emprendedores se apoyaron en esta iniciativa para generar empleo genuino. La provincia trabaja &#8230;<\/p>\n","protected":false},"author":7,"featured_media":105884,"comment_status":"open","ping_status":"open","sticky":false,"template":"","format":"standard","meta":{"footnotes":""},"categories":[5,10],"tags":[],"class_list":["post-105883","post","type-post","status-publish","format-standard","has-post-thumbnail","hentry","category-actualidad","category-destacadas"],"_links":{"self":[{"href":"https:\/\/vinasfm.com\/noticias\/wp-json\/wp\/v2\/posts\/105883","targetHints":{"allow":["GET"]}}],"collection":[{"href":"https:\/\/vinasfm.com\/noticias\/wp-json\/wp\/v2\/posts"}],"about":[{"href":"https:\/\/vinasfm.com\/noticias\/wp-json\/wp\/v2\/types\/post"}],"author":[{"embeddable":true,"href":"https:\/\/vinasfm.com\/noticias\/wp-json\/wp\/v2\/users\/7"}],"replies":[{"embeddable":true,"href":"https:\/\/vinasfm.com\/noticias\/wp-json\/wp\/v2\/comments?post=105883"}],"version-history":[{"count":1,"href":"https:\/\/vinasfm.com\/noticias\/wp-json\/wp\/v2\/posts\/105883\/revisions"}],"predecessor-version":[{"id":105885,"href":"https:\/\/vinasfm.com\/noticias\/wp-json\/wp\/v2\/posts\/105883\/revisions\/105885"}],"wp:featuredmedia":[{"embeddable":true,"href":"https:\/\/vinasfm.com\/noticias\/wp-json\/wp\/v2\/media\/105884"}],"wp:attachment":[{"href":"https:\/\/vinasfm.com\/noticias\/wp-json\/wp\/v2\/media?parent=105883"}],"wp:term":[{"taxonomy":"category","embeddable":true,"href":"https:\/\/vinasfm.com\/noticias\/wp-json\/wp\/v2\/categories?post=105883"},{"taxonomy":"post_tag","embeddable":true,"href":"https:\/\/vinasfm.com\/noticias\/wp-json\/wp\/v2\/tags?post=105883"}],"curies":[{"name":"wp","href":"https:\/\/api.w.org\/{rel}","templated":true}]}}