{"id":105790,"date":"2022-02-22T22:00:01","date_gmt":"2022-02-23T01:00:01","guid":{"rendered":"http:\/\/vinasfm.com\/noticias\/?p=105790"},"modified":"2022-02-23T08:53:41","modified_gmt":"2022-02-23T11:53:41","slug":"la-escuela-ernesto-ramirez-fue-sede-del-acto-de-inauguracion-del-ciclo-lectivo-2022","status":"publish","type":"post","link":"https:\/\/vinasfm.com\/noticias\/la-escuela-ernesto-ramirez-fue-sede-del-acto-de-inauguracion-del-ciclo-lectivo-2022\/","title":{"rendered":"LA ESCUELA &#8216;ERNESTO RAM\u00cdREZ&#8217; FUE SEDE DEL ACTO DE INAUGURACI\u00d3N DEL CICLO LECTIVO 2022"},"content":{"rendered":"<h4><span style=\"color: #000000;\"><strong>El Intendente Walther Marcolini y la Delegada Administrativa de la Direcci\u00f3n General de Escuelas Magal\u00ed Oneschuk asistieron al Acto de Inicio del Ciclo Lectivo 2022, que tuvo lugar en la Escuela N\u00ba 1-242 Ernesto Ram\u00edrez, calle 19 s\/n La Escandinava.<\/strong><\/span><\/h4>\n<div id=\"attachment_105801\" style=\"width: 300px\" class=\"wp-caption alignleft\"><a style=\"color: #000000;\" href=\"http:\/\/vinasfm.com\/noticias\/wp-content\/uploads\/2022\/02\/Inicio-Ciclo-Lectivo-2022-1-scaled.jpg\"><img loading=\"lazy\" decoding=\"async\" aria-describedby=\"caption-attachment-105801\" class=\"size-medium wp-image-105801\" src=\"http:\/\/vinasfm.com\/noticias\/wp-content\/uploads\/2022\/02\/Inicio-Ciclo-Lectivo-2022-1-300x169.jpg\" alt=\"\" width=\"300\" height=\"169\" srcset=\"https:\/\/vinasfm.com\/noticias\/wp-content\/uploads\/2022\/02\/Inicio-Ciclo-Lectivo-2022-1-300x169.jpg 300w, https:\/\/vinasfm.com\/noticias\/wp-content\/uploads\/2022\/02\/Inicio-Ciclo-Lectivo-2022-1-1024x577.jpg 1024w, https:\/\/vinasfm.com\/noticias\/wp-content\/uploads\/2022\/02\/Inicio-Ciclo-Lectivo-2022-1-768x432.jpg 768w, https:\/\/vinasfm.com\/noticias\/wp-content\/uploads\/2022\/02\/Inicio-Ciclo-Lectivo-2022-1-1536x865.jpg 1536w, https:\/\/vinasfm.com\/noticias\/wp-content\/uploads\/2022\/02\/Inicio-Ciclo-Lectivo-2022-1-2048x1153.jpg 2048w, https:\/\/vinasfm.com\/noticias\/wp-content\/uploads\/2022\/02\/Inicio-Ciclo-Lectivo-2022-1-750x420.jpg 750w, https:\/\/vinasfm.com\/noticias\/wp-content\/uploads\/2022\/02\/Inicio-Ciclo-Lectivo-2022-1-1140x641.jpg 1140w\" sizes=\"auto, (max-width: 300px) 100vw, 300px\" \/><\/a><p id=\"caption-attachment-105801\" class=\"wp-caption-text\"><span style=\"color: #000000;\">Escuela Ernesto Ram\u00edrez.<\/span><\/p><\/div>\n<p><span style=\"color: #000000;\">La <strong>Directora de la instituci\u00f3n educativa donde se inaugur\u00f3 un nuevo a\u00f1o escolar, Vilma Poli<\/strong>, destac\u00f3 la importancia de brindar a cada ni\u00f1o una educaci\u00f3n integral y de calidad, \u00ab<strong><em>una educaci\u00f3n con equidad e igualdad de oportunidades, teniendo como premisa la formaci\u00f3n de personas capaces de actuar sobre su entorno y producir cambios, capaces de crecer y desarrollarse, adquiriendo conocimientos y valores que le permitan integrarse a su medio de manera activa y con toma de decisiones<\/em><\/strong>\u00ab. Esta es la tarea de los docentes, a quienes agradeci\u00f3 e invit\u00f3 a los pap\u00e1s a transitar el nuevo ciclo lectivo junto a sus ni\u00f1os. Tambi\u00e9n, <strong>agradeci\u00f3 a la Municipalidad, a la Delegaci\u00f3n de Bowen y a la Cooperativa Cospac<\/strong>.<\/span><\/p>\n<p><span style=\"color: #000000;\">Por su parte, el Intendente Walther Marcolini remarc\u00f3 que Mendoza junto con CABA est\u00e1 iniciando las clases hoy, lunes 21 de febrero, \u201c<strong><em>porque la presencialidad es la que garantiza la calidad del acto educativo. En ese marco, celebramos que se haya iniciado hoy el ciclo lectivo y esperamos que ayude a recuperar mucho de lo perdido en 2020 y 2021 con la pandemia. El objetivo claro seg\u00fan el Gobernador Rodolfo Suarez y del Director General de Escuelas Jos\u00e9 Thomas es que el alumno est\u00e9 en la Escuela, necesitamos que ese momento de encuentro del alumno con su docente se materialice, dado que no lo reemplaza la virtualidad. Estamos muy contentos de que se inicie el ciclo y esperamos que se pueda avanzar y se mejore el rinde educativo, dado que a Argentina no le viene yendo bien en las pruebas internacionales<\/em><\/strong>\u201d.<\/span><\/p>\n<p><span style=\"color: #000000;\"><a style=\"color: #000000;\" href=\"http:\/\/vinasfm.com\/noticias\/wp-content\/uploads\/2022\/02\/Inicio-Ciclo-Lectivo-2022-2-scaled.jpg\"><img loading=\"lazy\" decoding=\"async\" class=\" wp-image-105802 aligncenter\" src=\"http:\/\/vinasfm.com\/noticias\/wp-content\/uploads\/2022\/02\/Inicio-Ciclo-Lectivo-2022-2-300x169.jpg\" alt=\"\" width=\"501\" height=\"282\" srcset=\"https:\/\/vinasfm.com\/noticias\/wp-content\/uploads\/2022\/02\/Inicio-Ciclo-Lectivo-2022-2-300x169.jpg 300w, https:\/\/vinasfm.com\/noticias\/wp-content\/uploads\/2022\/02\/Inicio-Ciclo-Lectivo-2022-2-1024x577.jpg 1024w, https:\/\/vinasfm.com\/noticias\/wp-content\/uploads\/2022\/02\/Inicio-Ciclo-Lectivo-2022-2-768x432.jpg 768w, https:\/\/vinasfm.com\/noticias\/wp-content\/uploads\/2022\/02\/Inicio-Ciclo-Lectivo-2022-2-1536x865.jpg 1536w, https:\/\/vinasfm.com\/noticias\/wp-content\/uploads\/2022\/02\/Inicio-Ciclo-Lectivo-2022-2-2048x1153.jpg 2048w, https:\/\/vinasfm.com\/noticias\/wp-content\/uploads\/2022\/02\/Inicio-Ciclo-Lectivo-2022-2-750x420.jpg 750w, https:\/\/vinasfm.com\/noticias\/wp-content\/uploads\/2022\/02\/Inicio-Ciclo-Lectivo-2022-2-1140x641.jpg 1140w\" sizes=\"auto, (max-width: 501px) 100vw, 501px\" \/><\/a><\/span><\/p>\n<p><span style=\"color: #000000;\">La <strong>Delegada Administrativa de la Direcci\u00f3n General de Escuelas Magal\u00ed Oneschuk<\/strong> declar\u00f3: \u201c<strong><em>Hemos tenido algunos inconvenientes de infraestructura en algunas escuelas que ya est\u00e1n encaminados y no han impedido el dictado de clases presenciales. El protocolo Covid-19 sigue siendo uso de barbijo, la ventilaci\u00f3n y el distanciamiento en cada aula. Los d\u00edas de aislamiento son siete d\u00edas para quienes est\u00e1n vacunados y quienes no cuentan con diez d\u00edas de aislamiento. Adem\u00e1s, se va a hacer hincapi\u00e9 en la vacunaci\u00f3n desde las escuelas, por lo que comienza el cronograma el pr\u00f3ximo mi\u00e9rcoles, 23 de febrero, en la Escuela Sebasti\u00e1n Samper de Los Compartos, con autorizaci\u00f3n de los padres<\/em><\/strong>\u201d.<\/span><\/p>\n","protected":false},"excerpt":{"rendered":"<p>El Intendente Walther Marcolini y la Delegada Administrativa de la Direcci\u00f3n General de Escuelas Magal\u00ed Oneschuk asistieron al Acto de Inicio &#8230;<\/p>\n","protected":false},"author":8,"featured_media":105803,"comment_status":"open","ping_status":"open","sticky":false,"template":"","format":"standard","meta":{"footnotes":""},"categories":[5,18],"tags":[],"class_list":["post-105790","post","type-post","status-publish","format-standard","has-post-thumbnail","hentry","category-actualidad","category-educacion"],"_links":{"self":[{"href":"https:\/\/vinasfm.com\/noticias\/wp-json\/wp\/v2\/posts\/105790","targetHints":{"allow":["GET"]}}],"collection":[{"href":"https:\/\/vinasfm.com\/noticias\/wp-json\/wp\/v2\/posts"}],"about":[{"href":"https:\/\/vinasfm.com\/noticias\/wp-json\/wp\/v2\/types\/post"}],"author":[{"embeddable":true,"href":"https:\/\/vinasfm.com\/noticias\/wp-json\/wp\/v2\/users\/8"}],"replies":[{"embeddable":true,"href":"https:\/\/vinasfm.com\/noticias\/wp-json\/wp\/v2\/comments?post=105790"}],"version-history":[{"count":3,"href":"https:\/\/vinasfm.com\/noticias\/wp-json\/wp\/v2\/posts\/105790\/revisions"}],"predecessor-version":[{"id":105805,"href":"https:\/\/vinasfm.com\/noticias\/wp-json\/wp\/v2\/posts\/105790\/revisions\/105805"}],"wp:featuredmedia":[{"embeddable":true,"href":"https:\/\/vinasfm.com\/noticias\/wp-json\/wp\/v2\/media\/105803"}],"wp:attachment":[{"href":"https:\/\/vinasfm.com\/noticias\/wp-json\/wp\/v2\/media?parent=105790"}],"wp:term":[{"taxonomy":"category","embeddable":true,"href":"https:\/\/vinasfm.com\/noticias\/wp-json\/wp\/v2\/categories?post=105790"},{"taxonomy":"post_tag","embeddable":true,"href":"https:\/\/vinasfm.com\/noticias\/wp-json\/wp\/v2\/tags?post=105790"}],"curies":[{"name":"wp","href":"https:\/\/api.w.org\/{rel}","templated":true}]}}