{"id":105789,"date":"2022-02-22T15:00:42","date_gmt":"2022-02-22T18:00:42","guid":{"rendered":"http:\/\/vinasfm.com\/noticias\/?p=105789"},"modified":"2022-02-23T08:45:04","modified_gmt":"2022-02-23T11:45:04","slug":"culmino-una-nueva-edicion-del-alvear-cup-torneo-infantil-que-continua-en-crecimiento","status":"publish","type":"post","link":"https:\/\/vinasfm.com\/noticias\/culmino-una-nueva-edicion-del-alvear-cup-torneo-infantil-que-continua-en-crecimiento\/","title":{"rendered":"CULMIN\u00d3 UNA NUEVA EDICI\u00d3N DEL ALVEAR CUP, TORNEO INFANTIL QUE CONTIN\u00daA EN CRECIMIENTO"},"content":{"rendered":"<h4><span style=\"color: #000000;\"><strong>Este domingo finaliz\u00f3 el Torneo de F\u00fatbol infantil Alvear Cup 2.022 que convoc\u00f3 a 33 delegaciones, 120 equipos y aproximadamente 1500 ni\u00f1os de todo el Pa\u00eds.<\/strong><\/span><\/h4>\n<p><span style=\"color: #000000;\">El Director de Deportes, Actividad F\u00edsica y Recreaci\u00f3n Jer\u00f3nimo Colla expres\u00f3: \u201c<strong><em>Estamos felices de cerrar una nueva edici\u00f3n del Alvear Cup, un evento que genera un importante nivel en lo deportivo para los chicos, dado que pueden compartir con diferentes clubes y escuelas deportivas de todo el Pa\u00eds, adem\u00e1s del impacto tur\u00edstico y econ\u00f3mico para el Departamento, dado que juegan ni\u00f1os de 7 a 11 a\u00f1os y son muchas familias que los acompa\u00f1aron, porque la ocupaci\u00f3n estuvo al 100%<\/em><\/strong>\u201d.<\/span><\/p>\n<div id=\"attachment_105798\" style=\"width: 300px\" class=\"wp-caption alignleft\"><a style=\"color: #000000;\" href=\"http:\/\/vinasfm.com\/noticias\/wp-content\/uploads\/2022\/02\/FOTOS-Desfile-desde-el-Monumento-al-General-San-Martin-de-las-delegaciones-del-Torneo-de-Futbol-infantil-Alvear-Cup-ACTO-INAUGURAL-2022_MG_1987.jpg\"><img loading=\"lazy\" decoding=\"async\" aria-describedby=\"caption-attachment-105798\" class=\"size-medium wp-image-105798\" src=\"http:\/\/vinasfm.com\/noticias\/wp-content\/uploads\/2022\/02\/FOTOS-Desfile-desde-el-Monumento-al-General-San-Martin-de-las-delegaciones-del-Torneo-de-Futbol-infantil-Alvear-Cup-ACTO-INAUGURAL-2022_MG_1987-300x169.jpg\" alt=\"\" width=\"300\" height=\"169\" srcset=\"https:\/\/vinasfm.com\/noticias\/wp-content\/uploads\/2022\/02\/FOTOS-Desfile-desde-el-Monumento-al-General-San-Martin-de-las-delegaciones-del-Torneo-de-Futbol-infantil-Alvear-Cup-ACTO-INAUGURAL-2022_MG_1987-300x169.jpg 300w, https:\/\/vinasfm.com\/noticias\/wp-content\/uploads\/2022\/02\/FOTOS-Desfile-desde-el-Monumento-al-General-San-Martin-de-las-delegaciones-del-Torneo-de-Futbol-infantil-Alvear-Cup-ACTO-INAUGURAL-2022_MG_1987-1024x576.jpg 1024w, https:\/\/vinasfm.com\/noticias\/wp-content\/uploads\/2022\/02\/FOTOS-Desfile-desde-el-Monumento-al-General-San-Martin-de-las-delegaciones-del-Torneo-de-Futbol-infantil-Alvear-Cup-ACTO-INAUGURAL-2022_MG_1987-768x432.jpg 768w, https:\/\/vinasfm.com\/noticias\/wp-content\/uploads\/2022\/02\/FOTOS-Desfile-desde-el-Monumento-al-General-San-Martin-de-las-delegaciones-del-Torneo-de-Futbol-infantil-Alvear-Cup-ACTO-INAUGURAL-2022_MG_1987-1536x864.jpg 1536w, https:\/\/vinasfm.com\/noticias\/wp-content\/uploads\/2022\/02\/FOTOS-Desfile-desde-el-Monumento-al-General-San-Martin-de-las-delegaciones-del-Torneo-de-Futbol-infantil-Alvear-Cup-ACTO-INAUGURAL-2022_MG_1987-750x420.jpg 750w, https:\/\/vinasfm.com\/noticias\/wp-content\/uploads\/2022\/02\/FOTOS-Desfile-desde-el-Monumento-al-General-San-Martin-de-las-delegaciones-del-Torneo-de-Futbol-infantil-Alvear-Cup-ACTO-INAUGURAL-2022_MG_1987-1140x641.jpg 1140w, https:\/\/vinasfm.com\/noticias\/wp-content\/uploads\/2022\/02\/FOTOS-Desfile-desde-el-Monumento-al-General-San-Martin-de-las-delegaciones-del-Torneo-de-Futbol-infantil-Alvear-Cup-ACTO-INAUGURAL-2022_MG_1987.jpg 1920w\" sizes=\"auto, (max-width: 300px) 100vw, 300px\" \/><\/a><p id=\"caption-attachment-105798\" class=\"wp-caption-text\"><span style=\"color: #000000;\">Trofeos y preseas del Alvear Cup.<\/span><\/p><\/div>\n<p><span style=\"color: #000000;\">Resalt\u00f3, adem\u00e1s, que la organizaci\u00f3n del Alvear Cup estuvo a cargo de <strong>Sport Club pac\u00edfico, el municipio y el Gobierno de la Provincia<\/strong> con el objetivo de que los ni\u00f1os futbolistas vivan este torneo en su Ciudad, que no deban viajar kil\u00f3metros para medirse en una competencia futbol\u00edstica de este nivel.<\/span><\/p>\n<p><span style=\"color: #000000;\">Por su parte, el organizador del Alvear Cup, <strong>Fernando Constanzo<\/strong>, hizo un balance general: \u201c<strong><em>El torneo fue sumamente exitoso, estamos muy contentos con las cuatro jornadas intensas, en las que participaron 33 delegaciones, 120 equipos, alrededor de 1500 ni\u00f1os. Mediante una log\u00edstica bien armada ocupamos las canchas de Argentinos, Andes, 10 de septiembre, Bowen y de Pac\u00edfico<\/em><\/strong>\u201d.<\/span><\/p>\n<p><span style=\"color: #000000;\">Constanzo remarc\u00f3 la<strong> participaci\u00f3n de clubes locales<\/strong>, como Carmensa, Real del Padre, Col\u00f3n, Andes, dado que los potencia para la Liga alvearense. Igualmente, agradeci\u00f3 al Intendente Walther Marcolini, al gabinete, a los empleados municipales, a los comerciantes, prestadores de servicios, a los dirigentes de Pac\u00edfico, a los padres, a los clubes, a los chicos, al Aero Club. \u201c<strong><em>Ojal\u00e1 que el Alvear Cup 2023 sea mucho m\u00e1s grande<\/em><\/strong>\u201d.<\/span><\/p>\n<h4 style=\"text-align: center;\"><span style=\"color: #000000;\"><strong>FOTOGALER\u00cdA<\/strong><\/span><\/h4>\n<p><a href=\"http:\/\/vinasfm.com\/noticias\/wp-content\/uploads\/2022\/02\/FOTOS-Desfile-desde-el-Monumento-al-General-San-Martin-de-las-delegaciones-del-Torneo-de-Futbol-infantil-Alvear-Cup-ACTO-INAUGURAL-2022_MG_1944.jpg\"><img loading=\"lazy\" decoding=\"async\" class=\"alignnone wp-image-105792\" src=\"http:\/\/vinasfm.com\/noticias\/wp-content\/uploads\/2022\/02\/FOTOS-Desfile-desde-el-Monumento-al-General-San-Martin-de-las-delegaciones-del-Torneo-de-Futbol-infantil-Alvear-Cup-ACTO-INAUGURAL-2022_MG_1944-300x169.jpg\" alt=\"\" width=\"240\" height=\"135\" srcset=\"https:\/\/vinasfm.com\/noticias\/wp-content\/uploads\/2022\/02\/FOTOS-Desfile-desde-el-Monumento-al-General-San-Martin-de-las-delegaciones-del-Torneo-de-Futbol-infantil-Alvear-Cup-ACTO-INAUGURAL-2022_MG_1944-300x169.jpg 300w, https:\/\/vinasfm.com\/noticias\/wp-content\/uploads\/2022\/02\/FOTOS-Desfile-desde-el-Monumento-al-General-San-Martin-de-las-delegaciones-del-Torneo-de-Futbol-infantil-Alvear-Cup-ACTO-INAUGURAL-2022_MG_1944-1024x576.jpg 1024w, https:\/\/vinasfm.com\/noticias\/wp-content\/uploads\/2022\/02\/FOTOS-Desfile-desde-el-Monumento-al-General-San-Martin-de-las-delegaciones-del-Torneo-de-Futbol-infantil-Alvear-Cup-ACTO-INAUGURAL-2022_MG_1944-768x432.jpg 768w, https:\/\/vinasfm.com\/noticias\/wp-content\/uploads\/2022\/02\/FOTOS-Desfile-desde-el-Monumento-al-General-San-Martin-de-las-delegaciones-del-Torneo-de-Futbol-infantil-Alvear-Cup-ACTO-INAUGURAL-2022_MG_1944-1536x864.jpg 1536w, https:\/\/vinasfm.com\/noticias\/wp-content\/uploads\/2022\/02\/FOTOS-Desfile-desde-el-Monumento-al-General-San-Martin-de-las-delegaciones-del-Torneo-de-Futbol-infantil-Alvear-Cup-ACTO-INAUGURAL-2022_MG_1944-750x420.jpg 750w, https:\/\/vinasfm.com\/noticias\/wp-content\/uploads\/2022\/02\/FOTOS-Desfile-desde-el-Monumento-al-General-San-Martin-de-las-delegaciones-del-Torneo-de-Futbol-infantil-Alvear-Cup-ACTO-INAUGURAL-2022_MG_1944-1140x641.jpg 1140w, https:\/\/vinasfm.com\/noticias\/wp-content\/uploads\/2022\/02\/FOTOS-Desfile-desde-el-Monumento-al-General-San-Martin-de-las-delegaciones-del-Torneo-de-Futbol-infantil-Alvear-Cup-ACTO-INAUGURAL-2022_MG_1944.jpg 1920w\" sizes=\"auto, (max-width: 240px) 100vw, 240px\" \/><\/a> <a href=\"http:\/\/vinasfm.com\/noticias\/wp-content\/uploads\/2022\/02\/FOTOS-Desfile-desde-el-Monumento-al-General-San-Martin-de-las-delegaciones-del-Torneo-de-Futbol-infantil-Alvear-Cup-ACTO-INAUGURAL-2022_MG_1946.jpg\"><img loading=\"lazy\" decoding=\"async\" class=\"alignnone wp-image-105793\" src=\"http:\/\/vinasfm.com\/noticias\/wp-content\/uploads\/2022\/02\/FOTOS-Desfile-desde-el-Monumento-al-General-San-Martin-de-las-delegaciones-del-Torneo-de-Futbol-infantil-Alvear-Cup-ACTO-INAUGURAL-2022_MG_1946-300x169.jpg\" alt=\"\" width=\"239\" height=\"134\" srcset=\"https:\/\/vinasfm.com\/noticias\/wp-content\/uploads\/2022\/02\/FOTOS-Desfile-desde-el-Monumento-al-General-San-Martin-de-las-delegaciones-del-Torneo-de-Futbol-infantil-Alvear-Cup-ACTO-INAUGURAL-2022_MG_1946-300x169.jpg 300w, https:\/\/vinasfm.com\/noticias\/wp-content\/uploads\/2022\/02\/FOTOS-Desfile-desde-el-Monumento-al-General-San-Martin-de-las-delegaciones-del-Torneo-de-Futbol-infantil-Alvear-Cup-ACTO-INAUGURAL-2022_MG_1946-1024x576.jpg 1024w, https:\/\/vinasfm.com\/noticias\/wp-content\/uploads\/2022\/02\/FOTOS-Desfile-desde-el-Monumento-al-General-San-Martin-de-las-delegaciones-del-Torneo-de-Futbol-infantil-Alvear-Cup-ACTO-INAUGURAL-2022_MG_1946-768x432.jpg 768w, https:\/\/vinasfm.com\/noticias\/wp-content\/uploads\/2022\/02\/FOTOS-Desfile-desde-el-Monumento-al-General-San-Martin-de-las-delegaciones-del-Torneo-de-Futbol-infantil-Alvear-Cup-ACTO-INAUGURAL-2022_MG_1946-1536x864.jpg 1536w, https:\/\/vinasfm.com\/noticias\/wp-content\/uploads\/2022\/02\/FOTOS-Desfile-desde-el-Monumento-al-General-San-Martin-de-las-delegaciones-del-Torneo-de-Futbol-infantil-Alvear-Cup-ACTO-INAUGURAL-2022_MG_1946-360x200.jpg 360w, https:\/\/vinasfm.com\/noticias\/wp-content\/uploads\/2022\/02\/FOTOS-Desfile-desde-el-Monumento-al-General-San-Martin-de-las-delegaciones-del-Torneo-de-Futbol-infantil-Alvear-Cup-ACTO-INAUGURAL-2022_MG_1946-750x420.jpg 750w, https:\/\/vinasfm.com\/noticias\/wp-content\/uploads\/2022\/02\/FOTOS-Desfile-desde-el-Monumento-al-General-San-Martin-de-las-delegaciones-del-Torneo-de-Futbol-infantil-Alvear-Cup-ACTO-INAUGURAL-2022_MG_1946-1140x641.jpg 1140w, https:\/\/vinasfm.com\/noticias\/wp-content\/uploads\/2022\/02\/FOTOS-Desfile-desde-el-Monumento-al-General-San-Martin-de-las-delegaciones-del-Torneo-de-Futbol-infantil-Alvear-Cup-ACTO-INAUGURAL-2022_MG_1946.jpg 1920w\" sizes=\"auto, (max-width: 239px) 100vw, 239px\" \/><\/a> <a href=\"http:\/\/vinasfm.com\/noticias\/wp-content\/uploads\/2022\/02\/FOTOS-Desfile-desde-el-Monumento-al-General-San-Martin-de-las-delegaciones-del-Torneo-de-Futbol-infantil-Alvear-Cup-ACTO-INAUGURAL-2022_MG_1954.jpg\"><img loading=\"lazy\" decoding=\"async\" class=\"alignnone wp-image-105794\" src=\"http:\/\/vinasfm.com\/noticias\/wp-content\/uploads\/2022\/02\/FOTOS-Desfile-desde-el-Monumento-al-General-San-Martin-de-las-delegaciones-del-Torneo-de-Futbol-infantil-Alvear-Cup-ACTO-INAUGURAL-2022_MG_1954-300x169.jpg\" alt=\"\" width=\"240\" height=\"135\" srcset=\"https:\/\/vinasfm.com\/noticias\/wp-content\/uploads\/2022\/02\/FOTOS-Desfile-desde-el-Monumento-al-General-San-Martin-de-las-delegaciones-del-Torneo-de-Futbol-infantil-Alvear-Cup-ACTO-INAUGURAL-2022_MG_1954-300x169.jpg 300w, https:\/\/vinasfm.com\/noticias\/wp-content\/uploads\/2022\/02\/FOTOS-Desfile-desde-el-Monumento-al-General-San-Martin-de-las-delegaciones-del-Torneo-de-Futbol-infantil-Alvear-Cup-ACTO-INAUGURAL-2022_MG_1954-1024x576.jpg 1024w, https:\/\/vinasfm.com\/noticias\/wp-content\/uploads\/2022\/02\/FOTOS-Desfile-desde-el-Monumento-al-General-San-Martin-de-las-delegaciones-del-Torneo-de-Futbol-infantil-Alvear-Cup-ACTO-INAUGURAL-2022_MG_1954-768x432.jpg 768w, https:\/\/vinasfm.com\/noticias\/wp-content\/uploads\/2022\/02\/FOTOS-Desfile-desde-el-Monumento-al-General-San-Martin-de-las-delegaciones-del-Torneo-de-Futbol-infantil-Alvear-Cup-ACTO-INAUGURAL-2022_MG_1954-1536x864.jpg 1536w, https:\/\/vinasfm.com\/noticias\/wp-content\/uploads\/2022\/02\/FOTOS-Desfile-desde-el-Monumento-al-General-San-Martin-de-las-delegaciones-del-Torneo-de-Futbol-infantil-Alvear-Cup-ACTO-INAUGURAL-2022_MG_1954-750x420.jpg 750w, https:\/\/vinasfm.com\/noticias\/wp-content\/uploads\/2022\/02\/FOTOS-Desfile-desde-el-Monumento-al-General-San-Martin-de-las-delegaciones-del-Torneo-de-Futbol-infantil-Alvear-Cup-ACTO-INAUGURAL-2022_MG_1954-1140x641.jpg 1140w, https:\/\/vinasfm.com\/noticias\/wp-content\/uploads\/2022\/02\/FOTOS-Desfile-desde-el-Monumento-al-General-San-Martin-de-las-delegaciones-del-Torneo-de-Futbol-infantil-Alvear-Cup-ACTO-INAUGURAL-2022_MG_1954.jpg 1920w\" sizes=\"auto, (max-width: 240px) 100vw, 240px\" \/><\/a> <a href=\"http:\/\/vinasfm.com\/noticias\/wp-content\/uploads\/2022\/02\/FOTOS-Desfile-desde-el-Monumento-al-General-San-Martin-de-las-delegaciones-del-Torneo-de-Futbol-infantil-Alvear-Cup-ACTO-INAUGURAL-2022_MG_1956.jpg\"><img loading=\"lazy\" decoding=\"async\" class=\"alignnone wp-image-105795\" src=\"http:\/\/vinasfm.com\/noticias\/wp-content\/uploads\/2022\/02\/FOTOS-Desfile-desde-el-Monumento-al-General-San-Martin-de-las-delegaciones-del-Torneo-de-Futbol-infantil-Alvear-Cup-ACTO-INAUGURAL-2022_MG_1956-300x169.jpg\" alt=\"\" width=\"239\" height=\"135\" srcset=\"https:\/\/vinasfm.com\/noticias\/wp-content\/uploads\/2022\/02\/FOTOS-Desfile-desde-el-Monumento-al-General-San-Martin-de-las-delegaciones-del-Torneo-de-Futbol-infantil-Alvear-Cup-ACTO-INAUGURAL-2022_MG_1956-300x169.jpg 300w, https:\/\/vinasfm.com\/noticias\/wp-content\/uploads\/2022\/02\/FOTOS-Desfile-desde-el-Monumento-al-General-San-Martin-de-las-delegaciones-del-Torneo-de-Futbol-infantil-Alvear-Cup-ACTO-INAUGURAL-2022_MG_1956-1024x576.jpg 1024w, https:\/\/vinasfm.com\/noticias\/wp-content\/uploads\/2022\/02\/FOTOS-Desfile-desde-el-Monumento-al-General-San-Martin-de-las-delegaciones-del-Torneo-de-Futbol-infantil-Alvear-Cup-ACTO-INAUGURAL-2022_MG_1956-768x432.jpg 768w, https:\/\/vinasfm.com\/noticias\/wp-content\/uploads\/2022\/02\/FOTOS-Desfile-desde-el-Monumento-al-General-San-Martin-de-las-delegaciones-del-Torneo-de-Futbol-infantil-Alvear-Cup-ACTO-INAUGURAL-2022_MG_1956-1536x864.jpg 1536w, https:\/\/vinasfm.com\/noticias\/wp-content\/uploads\/2022\/02\/FOTOS-Desfile-desde-el-Monumento-al-General-San-Martin-de-las-delegaciones-del-Torneo-de-Futbol-infantil-Alvear-Cup-ACTO-INAUGURAL-2022_MG_1956-750x420.jpg 750w, https:\/\/vinasfm.com\/noticias\/wp-content\/uploads\/2022\/02\/FOTOS-Desfile-desde-el-Monumento-al-General-San-Martin-de-las-delegaciones-del-Torneo-de-Futbol-infantil-Alvear-Cup-ACTO-INAUGURAL-2022_MG_1956-1140x641.jpg 1140w, https:\/\/vinasfm.com\/noticias\/wp-content\/uploads\/2022\/02\/FOTOS-Desfile-desde-el-Monumento-al-General-San-Martin-de-las-delegaciones-del-Torneo-de-Futbol-infantil-Alvear-Cup-ACTO-INAUGURAL-2022_MG_1956.jpg 1920w\" sizes=\"auto, (max-width: 239px) 100vw, 239px\" \/><\/a> <a href=\"http:\/\/vinasfm.com\/noticias\/wp-content\/uploads\/2022\/02\/FOTOS-Desfile-desde-el-Monumento-al-General-San-Martin-de-las-delegaciones-del-Torneo-de-Futbol-infantil-Alvear-Cup-ACTO-INAUGURAL-2022_MG_1960.jpg\"><img loading=\"lazy\" decoding=\"async\" class=\"alignnone wp-image-105796\" src=\"http:\/\/vinasfm.com\/noticias\/wp-content\/uploads\/2022\/02\/FOTOS-Desfile-desde-el-Monumento-al-General-San-Martin-de-las-delegaciones-del-Torneo-de-Futbol-infantil-Alvear-Cup-ACTO-INAUGURAL-2022_MG_1960-300x169.jpg\" alt=\"\" width=\"237\" height=\"134\" srcset=\"https:\/\/vinasfm.com\/noticias\/wp-content\/uploads\/2022\/02\/FOTOS-Desfile-desde-el-Monumento-al-General-San-Martin-de-las-delegaciones-del-Torneo-de-Futbol-infantil-Alvear-Cup-ACTO-INAUGURAL-2022_MG_1960-300x169.jpg 300w, https:\/\/vinasfm.com\/noticias\/wp-content\/uploads\/2022\/02\/FOTOS-Desfile-desde-el-Monumento-al-General-San-Martin-de-las-delegaciones-del-Torneo-de-Futbol-infantil-Alvear-Cup-ACTO-INAUGURAL-2022_MG_1960-1024x576.jpg 1024w, https:\/\/vinasfm.com\/noticias\/wp-content\/uploads\/2022\/02\/FOTOS-Desfile-desde-el-Monumento-al-General-San-Martin-de-las-delegaciones-del-Torneo-de-Futbol-infantil-Alvear-Cup-ACTO-INAUGURAL-2022_MG_1960-768x432.jpg 768w, https:\/\/vinasfm.com\/noticias\/wp-content\/uploads\/2022\/02\/FOTOS-Desfile-desde-el-Monumento-al-General-San-Martin-de-las-delegaciones-del-Torneo-de-Futbol-infantil-Alvear-Cup-ACTO-INAUGURAL-2022_MG_1960-1536x864.jpg 1536w, https:\/\/vinasfm.com\/noticias\/wp-content\/uploads\/2022\/02\/FOTOS-Desfile-desde-el-Monumento-al-General-San-Martin-de-las-delegaciones-del-Torneo-de-Futbol-infantil-Alvear-Cup-ACTO-INAUGURAL-2022_MG_1960-750x420.jpg 750w, https:\/\/vinasfm.com\/noticias\/wp-content\/uploads\/2022\/02\/FOTOS-Desfile-desde-el-Monumento-al-General-San-Martin-de-las-delegaciones-del-Torneo-de-Futbol-infantil-Alvear-Cup-ACTO-INAUGURAL-2022_MG_1960-1140x641.jpg 1140w, https:\/\/vinasfm.com\/noticias\/wp-content\/uploads\/2022\/02\/FOTOS-Desfile-desde-el-Monumento-al-General-San-Martin-de-las-delegaciones-del-Torneo-de-Futbol-infantil-Alvear-Cup-ACTO-INAUGURAL-2022_MG_1960.jpg 1920w\" sizes=\"auto, (max-width: 237px) 100vw, 237px\" \/><\/a> <a href=\"http:\/\/vinasfm.com\/noticias\/wp-content\/uploads\/2022\/02\/FOTOS-Desfile-desde-el-Monumento-al-General-San-Martin-de-las-delegaciones-del-Torneo-de-Futbol-infantil-Alvear-Cup-ACTO-INAUGURAL-2022_MG_1962.jpg\"><img loading=\"lazy\" decoding=\"async\" class=\"alignnone wp-image-105797\" src=\"http:\/\/vinasfm.com\/noticias\/wp-content\/uploads\/2022\/02\/FOTOS-Desfile-desde-el-Monumento-al-General-San-Martin-de-las-delegaciones-del-Torneo-de-Futbol-infantil-Alvear-Cup-ACTO-INAUGURAL-2022_MG_1962-300x169.jpg\" alt=\"\" width=\"238\" height=\"134\" srcset=\"https:\/\/vinasfm.com\/noticias\/wp-content\/uploads\/2022\/02\/FOTOS-Desfile-desde-el-Monumento-al-General-San-Martin-de-las-delegaciones-del-Torneo-de-Futbol-infantil-Alvear-Cup-ACTO-INAUGURAL-2022_MG_1962-300x169.jpg 300w, https:\/\/vinasfm.com\/noticias\/wp-content\/uploads\/2022\/02\/FOTOS-Desfile-desde-el-Monumento-al-General-San-Martin-de-las-delegaciones-del-Torneo-de-Futbol-infantil-Alvear-Cup-ACTO-INAUGURAL-2022_MG_1962-1024x576.jpg 1024w, https:\/\/vinasfm.com\/noticias\/wp-content\/uploads\/2022\/02\/FOTOS-Desfile-desde-el-Monumento-al-General-San-Martin-de-las-delegaciones-del-Torneo-de-Futbol-infantil-Alvear-Cup-ACTO-INAUGURAL-2022_MG_1962-768x432.jpg 768w, https:\/\/vinasfm.com\/noticias\/wp-content\/uploads\/2022\/02\/FOTOS-Desfile-desde-el-Monumento-al-General-San-Martin-de-las-delegaciones-del-Torneo-de-Futbol-infantil-Alvear-Cup-ACTO-INAUGURAL-2022_MG_1962-1536x864.jpg 1536w, https:\/\/vinasfm.com\/noticias\/wp-content\/uploads\/2022\/02\/FOTOS-Desfile-desde-el-Monumento-al-General-San-Martin-de-las-delegaciones-del-Torneo-de-Futbol-infantil-Alvear-Cup-ACTO-INAUGURAL-2022_MG_1962-750x420.jpg 750w, https:\/\/vinasfm.com\/noticias\/wp-content\/uploads\/2022\/02\/FOTOS-Desfile-desde-el-Monumento-al-General-San-Martin-de-las-delegaciones-del-Torneo-de-Futbol-infantil-Alvear-Cup-ACTO-INAUGURAL-2022_MG_1962-1140x641.jpg 1140w, https:\/\/vinasfm.com\/noticias\/wp-content\/uploads\/2022\/02\/FOTOS-Desfile-desde-el-Monumento-al-General-San-Martin-de-las-delegaciones-del-Torneo-de-Futbol-infantil-Alvear-Cup-ACTO-INAUGURAL-2022_MG_1962.jpg 1920w\" sizes=\"auto, (max-width: 238px) 100vw, 238px\" \/><\/a><\/p>\n","protected":false},"excerpt":{"rendered":"<p>Este domingo finaliz\u00f3 el Torneo de F\u00fatbol infantil Alvear Cup 2.022 que convoc\u00f3 a 33 delegaciones, 120 equipos y aproximadamente 1500 &#8230;<\/p>\n","protected":false},"author":8,"featured_media":105791,"comment_status":"open","ping_status":"open","sticky":false,"template":"","format":"standard","meta":{"footnotes":""},"categories":[5,3],"tags":[],"class_list":["post-105789","post","type-post","status-publish","format-standard","has-post-thumbnail","hentry","category-actualidad","category-deportes"],"_links":{"self":[{"href":"https:\/\/vinasfm.com\/noticias\/wp-json\/wp\/v2\/posts\/105789","targetHints":{"allow":["GET"]}}],"collection":[{"href":"https:\/\/vinasfm.com\/noticias\/wp-json\/wp\/v2\/posts"}],"about":[{"href":"https:\/\/vinasfm.com\/noticias\/wp-json\/wp\/v2\/types\/post"}],"author":[{"embeddable":true,"href":"https:\/\/vinasfm.com\/noticias\/wp-json\/wp\/v2\/users\/8"}],"replies":[{"embeddable":true,"href":"https:\/\/vinasfm.com\/noticias\/wp-json\/wp\/v2\/comments?post=105789"}],"version-history":[{"count":3,"href":"https:\/\/vinasfm.com\/noticias\/wp-json\/wp\/v2\/posts\/105789\/revisions"}],"predecessor-version":[{"id":105866,"href":"https:\/\/vinasfm.com\/noticias\/wp-json\/wp\/v2\/posts\/105789\/revisions\/105866"}],"wp:featuredmedia":[{"embeddable":true,"href":"https:\/\/vinasfm.com\/noticias\/wp-json\/wp\/v2\/media\/105791"}],"wp:attachment":[{"href":"https:\/\/vinasfm.com\/noticias\/wp-json\/wp\/v2\/media?parent=105789"}],"wp:term":[{"taxonomy":"category","embeddable":true,"href":"https:\/\/vinasfm.com\/noticias\/wp-json\/wp\/v2\/categories?post=105789"},{"taxonomy":"post_tag","embeddable":true,"href":"https:\/\/vinasfm.com\/noticias\/wp-json\/wp\/v2\/tags?post=105789"}],"curies":[{"name":"wp","href":"https:\/\/api.w.org\/{rel}","templated":true}]}}