{"id":105701,"date":"2022-02-17T05:00:03","date_gmt":"2022-02-17T08:00:03","guid":{"rendered":"http:\/\/vinasfm.com\/noticias\/?p=105701"},"modified":"2022-02-21T09:10:49","modified_gmt":"2022-02-21T12:10:49","slug":"este-sabado-carmensa-inaugurara-su-nueva-delegacion-farmacia-y-cajero","status":"publish","type":"post","link":"https:\/\/vinasfm.com\/noticias\/este-sabado-carmensa-inaugurara-su-nueva-delegacion-farmacia-y-cajero\/","title":{"rendered":"CARMENSA INAUGURAR\u00c1 SU NUEVA DELEGACI\u00d3N, FARMACIA Y CAJERO"},"content":{"rendered":"<p><span style=\"color: #000000;\"><strong>El 15 de febrero es el Aniversario del Distrito Sur y lo va a celebrar este s\u00e1bado 19 de febrero, a partir de las 20h, frente a la nueva Delegaci\u00f3n distrital, ubicada en calles Buenos Aires e Hip\u00f3lito Yrigoyen. El Delegado Pablo Roa invit\u00f3 a todos a participar, dado que habr\u00e1 un show art\u00edstico y el Secretario de Obras y Servicios P\u00fablicos Jorge P\u00e9rez brind\u00f3 detalles de las obras que se ejecutan en Carmensa y en el Departamento.<\/strong><\/span><\/p>\n<p><span style=\"color: #000000;\">A partir de las <strong>20h habr\u00e1 peatonal con artesanos y comidas t\u00edpicas<\/strong>. El show art\u00edstico contar\u00e1 con la presencia de la Orquesta Filarm\u00f3nica, el Grupo Herencia, Mariano Ruiz, el ballet de folclore y el Ballet Ucraniano.<\/span><\/p>\n<p><span style=\"color: #000000;\">El Delegado de Carmensa invit\u00f3 a la inauguraci\u00f3n de la Nueva Delegaci\u00f3n Municipal y a apreciar las obras que se est\u00e1n desarrollando en los alrededores de la Plaza de San Pedro del Atuel. \u201c<strong><em>Estamos contentos porque estamos a horas de inaugurar esta obra, un hecho hist\u00f3rico en el Distrito, estamos deseosos de que llegue la hora y de poder disfrutar esta gran inauguraci\u00f3n. Se ha invitado al pueblo de modo personal porque son parte de esto que es de todos. Ahora solo hay que cuidarlo y disfrutarlo<\/em><\/strong>\u201d.<\/span><\/p>\n<div id=\"attachment_105703\" style=\"width: 300px\" class=\"wp-caption alignleft\"><a style=\"color: #000000;\" href=\"http:\/\/vinasfm.com\/noticias\/wp-content\/uploads\/2022\/02\/71ed4547-41cd-45ee-a5a3-65684258699c.jpg\"><img loading=\"lazy\" decoding=\"async\" aria-describedby=\"caption-attachment-105703\" class=\"size-medium wp-image-105703\" src=\"http:\/\/vinasfm.com\/noticias\/wp-content\/uploads\/2022\/02\/71ed4547-41cd-45ee-a5a3-65684258699c-300x169.jpg\" alt=\"\" width=\"300\" height=\"169\" srcset=\"https:\/\/vinasfm.com\/noticias\/wp-content\/uploads\/2022\/02\/71ed4547-41cd-45ee-a5a3-65684258699c-300x169.jpg 300w, https:\/\/vinasfm.com\/noticias\/wp-content\/uploads\/2022\/02\/71ed4547-41cd-45ee-a5a3-65684258699c-1024x576.jpg 1024w, https:\/\/vinasfm.com\/noticias\/wp-content\/uploads\/2022\/02\/71ed4547-41cd-45ee-a5a3-65684258699c-768x432.jpg 768w, https:\/\/vinasfm.com\/noticias\/wp-content\/uploads\/2022\/02\/71ed4547-41cd-45ee-a5a3-65684258699c-750x420.jpg 750w, https:\/\/vinasfm.com\/noticias\/wp-content\/uploads\/2022\/02\/71ed4547-41cd-45ee-a5a3-65684258699c-1140x641.jpg 1140w, https:\/\/vinasfm.com\/noticias\/wp-content\/uploads\/2022\/02\/71ed4547-41cd-45ee-a5a3-65684258699c.jpg 1280w\" sizes=\"auto, (max-width: 300px) 100vw, 300px\" \/><\/a><p id=\"caption-attachment-105703\" class=\"wp-caption-text\"><span style=\"color: #000000;\">Cajero autom\u00e1tico en San Pedro del Atuel.<\/span><\/p><\/div>\n<p><span style=\"color: #000000;\">A la inauguraci\u00f3n de la Delegaci\u00f3n se suma tambi\u00e9n la de un cajero autom\u00e1tico del banco Naci\u00f3n que contribuye al desarrollo local. \u201c<strong><em>Va a haber movimiento de dinero que va a quedar en el pueblo, a partir del s\u00e1bado el movimiento que se va a generar va a quedar en Carmensa. Ojal\u00e1 pronto contemos con la farmacia funcionando, solo falta un oferente que decida invertir en San Pedro del Atuel<\/em><\/strong>\u201d.<\/span><\/p>\n<p><span style=\"color: #000000;\">Personal municipal ha estado abocado al orden y limpieza para que est\u00e9 deslumbrante el lugar, tambi\u00e9n en el embellecimiento de la plaza y en la recuperaci\u00f3n de la carpeta asf\u00e1ltica que rodea a la plaza distrital. Toda la obra se ha realizado por administraci\u00f3n. \u201c<strong><em>As\u00ed, San Pedro va a contar con una delegaci\u00f3n nueva y con un entorno embellecido<\/em><\/strong>\u201d.<\/span><\/p>\n<p><span style=\"color: #000000;\"><strong>Pablo Roa<\/strong> agradeci\u00f3 la gesti\u00f3n del Intendente Walther Marcolini porque ha descentralizado los recursos para que cada distrito y cada paraje cuente con las mejoras que necesita.<\/span><\/p>\n<p><span style=\"color: #000000;\">Por su parte, el <strong>Secretario de Obras y Servicios P\u00fablicos<\/strong> especific\u00f3 que est\u00e1n terminando algunas tareas. \u201c<strong><em>Ma\u00f1ana vamos a tener un d\u00eda especial con elementos importantes para el d\u00eda a d\u00eda del carmensino. Se ejecutan trabajos de asfaltado sobre la plaza Alejo Abutcov y sobre calle Hip\u00f3lito Yrigoyen. En la plaza empezamos con las luminarias y trabajos de recuperaci\u00f3n en las veredas externas y luego tambi\u00e9n en las internas, gracias al concepto federal del Intendente Marcolini<\/em><\/strong>\u201d.<\/span><\/p>\n<p><span style=\"color: #000000;\">\u00ab<strong><em>Se va a firmar convenio mediante el Programa de Infraestructura municipal -PIM- para una licitaci\u00f3n de 40 millones de pesos microaglomerado en determinadas intervenciones previstas y, a partir de eso, se le da la formalidad para, a corto plazo, llamar a licitaci\u00f3n y trabajar con un cronograma de trabajo donde el Plan de Asfalto se respeta<\/em><\/strong>\u00ab, detall\u00f3 P\u00e9rez.<\/span><\/p>\n<p><span style=\"color: #000000;\">\u201c<strong><em>En Diagonal Jorge Sim\u00f3n, la empresa se encuentra en el tramo desde la Escuela Alas Argentinas a Chacabuco para terminar la primera imprimaci\u00f3n. Adem\u00e1s, se da un cierre a dos rotondas, sumado a un proyecto de realizar un derivador en Uspallata, que se va a incorporar para evitar accidentes a futuro, luego solo resta la demarcatoria. En calle 7 se est\u00e1 trabajando sobre un lateral, hoy se cierra la primera etapa en la otra mano. Asimismo, la DPV trabaja en licitaciones propias y en licitaciones de la Municipalidad<\/em><\/strong>\u201d, concluy\u00f3 el funcionario.<\/span><\/p>\n","protected":false},"excerpt":{"rendered":"<p>El 15 de febrero es el Aniversario del Distrito Sur y lo va a celebrar este s\u00e1bado 19 de febrero, a &#8230;<\/p>\n","protected":false},"author":8,"featured_media":105702,"comment_status":"open","ping_status":"open","sticky":false,"template":"","format":"standard","meta":{"footnotes":""},"categories":[5,10],"tags":[],"class_list":["post-105701","post","type-post","status-publish","format-standard","has-post-thumbnail","hentry","category-actualidad","category-destacadas"],"_links":{"self":[{"href":"https:\/\/vinasfm.com\/noticias\/wp-json\/wp\/v2\/posts\/105701","targetHints":{"allow":["GET"]}}],"collection":[{"href":"https:\/\/vinasfm.com\/noticias\/wp-json\/wp\/v2\/posts"}],"about":[{"href":"https:\/\/vinasfm.com\/noticias\/wp-json\/wp\/v2\/types\/post"}],"author":[{"embeddable":true,"href":"https:\/\/vinasfm.com\/noticias\/wp-json\/wp\/v2\/users\/8"}],"replies":[{"embeddable":true,"href":"https:\/\/vinasfm.com\/noticias\/wp-json\/wp\/v2\/comments?post=105701"}],"version-history":[{"count":6,"href":"https:\/\/vinasfm.com\/noticias\/wp-json\/wp\/v2\/posts\/105701\/revisions"}],"predecessor-version":[{"id":105713,"href":"https:\/\/vinasfm.com\/noticias\/wp-json\/wp\/v2\/posts\/105701\/revisions\/105713"}],"wp:featuredmedia":[{"embeddable":true,"href":"https:\/\/vinasfm.com\/noticias\/wp-json\/wp\/v2\/media\/105702"}],"wp:attachment":[{"href":"https:\/\/vinasfm.com\/noticias\/wp-json\/wp\/v2\/media?parent=105701"}],"wp:term":[{"taxonomy":"category","embeddable":true,"href":"https:\/\/vinasfm.com\/noticias\/wp-json\/wp\/v2\/categories?post=105701"},{"taxonomy":"post_tag","embeddable":true,"href":"https:\/\/vinasfm.com\/noticias\/wp-json\/wp\/v2\/tags?post=105701"}],"curies":[{"name":"wp","href":"https:\/\/api.w.org\/{rel}","templated":true}]}}