{"id":105648,"date":"2022-02-19T23:59:34","date_gmt":"2022-02-20T02:59:34","guid":{"rendered":"http:\/\/vinasfm.com\/noticias\/?p=105648"},"modified":"2022-02-21T09:11:26","modified_gmt":"2022-02-21T12:11:26","slug":"durante-el-ultimo-ano-los-robos-de-transformadores-han-significado-un-costo-superior-a-los-13-millones","status":"publish","type":"post","link":"https:\/\/vinasfm.com\/noticias\/durante-el-ultimo-ano-los-robos-de-transformadores-han-significado-un-costo-superior-a-los-13-millones\/","title":{"rendered":"DURANTE EL \u00daLTIMO A\u00d1O LOS ROBOS DE TRANSFORMADORES HAN SIGNIFICADO UN COSTO SUPERIOR A LOS $13 MILLONES"},"content":{"rendered":"<h4><span style=\"color: #000000;\"><strong>As\u00ed lo confirm\u00f3 Claudio Herrada, Gerente de la Cooperativa Cecsagal, quien lament\u00f3 que las p\u00e9rdidas econ\u00f3micas que han significado los robos de transformadores en la regi\u00f3n se pudieron haber volcado en obras de mejoramiento del suministro el\u00e9ctrico.<\/strong><\/span><\/h4>\n<p><span style=\"color: #000000;\">Luego de que se conociera la noticia de la<strong> sustracci\u00f3n de un nuevo transformador el\u00e9ctrico<\/strong>, en <strong>horas de la madrugada de este viernes<\/strong>, que <strong>suministraba de energ\u00eda la zona comprendida entre calle 13 y Centenario<\/strong>, <strong>F.M. VI\u00d1AS<\/strong> le consult\u00f3 al Gerente de Cecsagal sobre el perjuicio que generan este tipo de delitos: &#8216;<strong><em>Se trata de 23 transformadores entre el 2021 y lo que va de 2022 que representaron un costo de $13 millones sin contar el costo de la colocaci\u00f3n, mano de obras y cableados. Adem\u00e1s significa un perjuicio para los usuarios<\/em><\/strong>&#8216;, indic\u00f3.<\/span><\/p>\n<p><span style=\"color: #000000;\">Consultado sobre las medidas de seguridad implementadas para morigerar este tipo de delitos, Herrada explic\u00f3 que se &#8216;<em><strong>ha tenido que contratar servicio extraordinario de la polic\u00eda y extremar las medidas para evitar da\u00f1os o robos como contrataci\u00f3n de alarmas e implementaci\u00f3n de protecci\u00f3n mec\u00e1nica, costos que tambi\u00e9n hemos asumido<\/strong><\/em>&#8216;. Resalt\u00f3 que han mantenido reuniones con autoridades policiales para prevenir estos hechos.<\/span><\/p>\n","protected":false},"excerpt":{"rendered":"<p>As\u00ed lo confirm\u00f3 Claudio Herrada, Gerente de la Cooperativa Cecsagal, quien lament\u00f3 que las p\u00e9rdidas econ\u00f3micas que han significado los robos &#8230;<\/p>\n","protected":false},"author":8,"featured_media":105649,"comment_status":"open","ping_status":"open","sticky":false,"template":"","format":"standard","meta":{"footnotes":""},"categories":[5,4],"tags":[],"class_list":["post-105648","post","type-post","status-publish","format-standard","has-post-thumbnail","hentry","category-actualidad","category-policiales"],"_links":{"self":[{"href":"https:\/\/vinasfm.com\/noticias\/wp-json\/wp\/v2\/posts\/105648","targetHints":{"allow":["GET"]}}],"collection":[{"href":"https:\/\/vinasfm.com\/noticias\/wp-json\/wp\/v2\/posts"}],"about":[{"href":"https:\/\/vinasfm.com\/noticias\/wp-json\/wp\/v2\/types\/post"}],"author":[{"embeddable":true,"href":"https:\/\/vinasfm.com\/noticias\/wp-json\/wp\/v2\/users\/8"}],"replies":[{"embeddable":true,"href":"https:\/\/vinasfm.com\/noticias\/wp-json\/wp\/v2\/comments?post=105648"}],"version-history":[{"count":2,"href":"https:\/\/vinasfm.com\/noticias\/wp-json\/wp\/v2\/posts\/105648\/revisions"}],"predecessor-version":[{"id":105652,"href":"https:\/\/vinasfm.com\/noticias\/wp-json\/wp\/v2\/posts\/105648\/revisions\/105652"}],"wp:featuredmedia":[{"embeddable":true,"href":"https:\/\/vinasfm.com\/noticias\/wp-json\/wp\/v2\/media\/105649"}],"wp:attachment":[{"href":"https:\/\/vinasfm.com\/noticias\/wp-json\/wp\/v2\/media?parent=105648"}],"wp:term":[{"taxonomy":"category","embeddable":true,"href":"https:\/\/vinasfm.com\/noticias\/wp-json\/wp\/v2\/categories?post=105648"},{"taxonomy":"post_tag","embeddable":true,"href":"https:\/\/vinasfm.com\/noticias\/wp-json\/wp\/v2\/tags?post=105648"}],"curies":[{"name":"wp","href":"https:\/\/api.w.org\/{rel}","templated":true}]}}