{"id":105605,"date":"2022-02-17T15:30:17","date_gmt":"2022-02-17T18:30:17","guid":{"rendered":"http:\/\/vinasfm.com\/noticias\/?p=105605"},"modified":"2022-02-18T19:21:53","modified_gmt":"2022-02-18T22:21:53","slug":"con-una-agenda-cargada-de-actividades-carolina-sendra-vive-la-vendimia-2022","status":"publish","type":"post","link":"https:\/\/vinasfm.com\/noticias\/con-una-agenda-cargada-de-actividades-carolina-sendra-vive-la-vendimia-2022\/","title":{"rendered":"CON UNA AGENDA CARGADA DE ACTIVIDADES, CAROLINA SENDRA VIVE LA VENDIMIA 2022"},"content":{"rendered":"<h4><span style=\"color: #000000;\">Los meses de febrero y marzo son meses de vendimia para la provincia de Mendoza, donde se conocen a las reinas departamentales de toda la provincia, empiezan los recorridos por diferentes puntos tur\u00edsticos, medios de comunicaci\u00f3n, establecimientos hist\u00f3ricos y nutri\u00e9ndose de la amplia cultura mendocina donde vendimia se vive y palpita como la fiesta m\u00e1s importante de la provincia.<\/span><\/h4>\n<p><span style=\"color: #000000;\">Vendimia lo vive cada vecino de la provincia, es la fiesta de los productores, vendimia son quienes trabajan la tierra y ponen todo su esfuerzo ante todas las situaciones meteorol\u00f3gicas a las que se enfrentan a\u00f1o tras a\u00f1o.<\/span><\/p>\n<p><span style=\"color: #000000;\">Carolina Sendra fue coronada como reina departamental en la fiesta denominada &#8216;Vendimia de la Luna&#8217;, la joven representante de San Pedro del Atuel fue elegida por los vecinos alvearenses para representar al departamento en la fiesta central, la joven de 23 a\u00f1os estudiante y emprendedora tiene una amplia agenda para estas ultimas semanas de vendimia. En di\u00e1logo con <em><strong>F.M. VI\u00d1AS, Carolina Sendra<\/strong><\/em> expres\u00f3, <em><strong>&#8216;El domingo partimos a Mendoza con la semana federal as\u00ed que andamos a full, ultimando detalles de cosas que tenemos que llevar y que no&#8217;<\/strong><\/em>; General Alvear tendr\u00e1 lugar el martes 22 de febrero para realizar la muestra art\u00edstica en la semana federal donde se mostrar\u00e1 un resumen de lo que fue la fiesta departamental con los artistas y m\u00fasicos departamentales.<\/span><\/p>\n<p><span style=\"color: #000000;\"><em><strong>&#8216;Siempre con las manos en la tierra&#8217;<\/strong><\/em>, forma como defini\u00f3 Caro, como la conocen en Alvear, a su familia. Siendo hija de bodeguero de hace 30 a\u00f1os, nieta y sobrina de agricultores y vitivin\u00edcolas de toda la vida y con actividad constante en las diferentes producciones en el distrito del sur de General Alvear.\u00a0<\/span><\/p>\n<p><span style=\"color: #000000;\"><strong><em>&#8216;Se siente mucho el apoyo de la gente, incluso cuando estaba con mi banda de San Pedro del Atuel se sent\u00eda el apoyo de todos y ahora que puedo llevar los atributos de General Alvear es impresionante el apoyo, la buena onda que te transmite&#8217;<\/em><\/strong>, agreg\u00f3 Carolina Sendra.\u00a0<\/span><\/p>\n<p><span style=\"color: #000000;\">Se est\u00e1 trabajando y realizando campa\u00f1as para modificar el sistema de votaci\u00f3n ya que los departamentos del sur de la provincia se ven afectados por la diferencia de kil\u00f3metros que nos separan de la capital y esto reduce las chances de traer la Corona Nacional de la Reina de la Vendimia.\u00a0\u00a0<\/span><\/p>\n<h5><em>Carla Fuentes.<\/em><\/h5>\n","protected":false},"excerpt":{"rendered":"<p>Los meses de febrero y marzo son meses de vendimia para la provincia de Mendoza, donde se conocen a las reinas &#8230;<\/p>\n","protected":false},"author":7,"featured_media":105623,"comment_status":"open","ping_status":"open","sticky":false,"template":"","format":"standard","meta":{"footnotes":""},"categories":[5,25],"tags":[],"class_list":["post-105605","post","type-post","status-publish","format-standard","has-post-thumbnail","hentry","category-actualidad","category-vendimia"],"_links":{"self":[{"href":"https:\/\/vinasfm.com\/noticias\/wp-json\/wp\/v2\/posts\/105605","targetHints":{"allow":["GET"]}}],"collection":[{"href":"https:\/\/vinasfm.com\/noticias\/wp-json\/wp\/v2\/posts"}],"about":[{"href":"https:\/\/vinasfm.com\/noticias\/wp-json\/wp\/v2\/types\/post"}],"author":[{"embeddable":true,"href":"https:\/\/vinasfm.com\/noticias\/wp-json\/wp\/v2\/users\/7"}],"replies":[{"embeddable":true,"href":"https:\/\/vinasfm.com\/noticias\/wp-json\/wp\/v2\/comments?post=105605"}],"version-history":[{"count":6,"href":"https:\/\/vinasfm.com\/noticias\/wp-json\/wp\/v2\/posts\/105605\/revisions"}],"predecessor-version":[{"id":105671,"href":"https:\/\/vinasfm.com\/noticias\/wp-json\/wp\/v2\/posts\/105605\/revisions\/105671"}],"wp:featuredmedia":[{"embeddable":true,"href":"https:\/\/vinasfm.com\/noticias\/wp-json\/wp\/v2\/media\/105623"}],"wp:attachment":[{"href":"https:\/\/vinasfm.com\/noticias\/wp-json\/wp\/v2\/media?parent=105605"}],"wp:term":[{"taxonomy":"category","embeddable":true,"href":"https:\/\/vinasfm.com\/noticias\/wp-json\/wp\/v2\/categories?post=105605"},{"taxonomy":"post_tag","embeddable":true,"href":"https:\/\/vinasfm.com\/noticias\/wp-json\/wp\/v2\/tags?post=105605"}],"curies":[{"name":"wp","href":"https:\/\/api.w.org\/{rel}","templated":true}]}}