{"id":105601,"date":"2022-02-17T23:59:25","date_gmt":"2022-02-18T02:59:25","guid":{"rendered":"http:\/\/vinasfm.com\/noticias\/?p=105601"},"modified":"2022-02-18T20:48:52","modified_gmt":"2022-02-18T23:48:52","slug":"asi-sera-la-vuelta-a-clases-en-las-escuelas-mendocinas","status":"publish","type":"post","link":"https:\/\/vinasfm.com\/noticias\/asi-sera-la-vuelta-a-clases-en-las-escuelas-mendocinas\/","title":{"rendered":"AS\u00cd SER\u00c1 LA VUELTA A CLASES EN LAS ESCUELAS MENDOCINAS"},"content":{"rendered":"<h4><span style=\"color: #000000;\"><strong>El pr\u00f3ximo lunes, 21 de febrero, inicia\u00a0el ciclo lectivo 2022 en Mendoza. En el marco de la pandemia de\u00a0covid-19, las semanas previas al comienzo de las\u00a0clases\u00a0se plantearon los lineamientos para dise\u00f1ar los\u00a0protocolos\u00a0que se aplicar\u00e1n en las diversas\u00a0escuelas.<\/strong><\/span><\/h4>\n<p><span style=\"color: #000000;\">La <strong>Delegada Administrativa Zona Sur de la DGE Magal\u00ed Oneschuk<\/strong> explic\u00f3 en di\u00e1logo con <strong>F.M. VI\u00d1AS: &#8216;<em>Luego del periodo de asistencia a chicos de trayectorias\u00a0<\/em><\/strong><span style=\"color: #000000;\"><b><em>d\u00e9biles en las distintas escuelas, estamos preparados para el comienzo del nuevo ciclo lectivo para todos los niveles<\/em>&#8216;.<\/b><\/span><\/span><\/p>\n<p><span style=\"color: #000000;\">El acto oficial de inauguraci\u00f3n del ciclo lectivo 2022 en nuestro departamento se realizar\u00e1 en la <strong>Escuela Ernesto Ram\u00edrez<\/strong>, ubicada en calle 22 (La Escandinava): &#8216;<strong><em>Sabemos cu\u00e1les son lo cambios en el protocolo que detallaremos a continuaci\u00f3n y que son fundamentales para que el dictado de clases sea presencial y no haya inconvenientes en medio de la actual situaci\u00f3n sanitaria<\/em><\/strong>&#8216;, subray\u00f3.<\/span><\/p>\n<p><span style=\"color: #000000;\">Consultada sobre el <strong>operativo de vacunaci\u00f3n anticovid en las escuelas<\/strong>, anunciado por la Ministra de Salud Ana Mar\u00eda Nadal, Oneschuk anticip\u00f3: &#8216;<strong><em>Si bien desde la DGE no ha llegado nada oficialmente, sabemos que se ha estado trabajando con Salud para concretar la campa\u00f1a desde las instituciones para la inmunizaci\u00f3n de los alumnos<\/em><\/strong>&#8216;.<\/span><\/p>\n<p><span style=\"color: #000000;\">Respecto a la<strong> reparaci\u00f3n y reacondicionamiento edilicio<\/strong> en establecimientos alvearenses, la Delegada se\u00f1al\u00f3: &#8216;<strong><em>Se est\u00e1 trabajando ya que llegan nuevos fondos para arreglos y se deposit\u00f3 dinero para reparaciones menores y compras de ventiladores. Adem\u00e1s Infraestructura de Mendoza coordin\u00f3 con el Municipio para avanzar en el reacondicionamiento de los edificios<\/em><\/strong>&#8216;.<\/span><\/p>\n<h4 style=\"text-align: center;\"><span style=\"color: #000000;\"><strong>Protocolo para la vuelta a clases<\/strong><\/span><\/h4>\n<ul>\n<li><span style=\"color: #000000;\">Las\u00a0<strong>escuelas<\/strong>\u00a0deber\u00e1n recabar la informaci\u00f3n sobre la vacunaci\u00f3n contra covid-19 de toda la comunidad educativa, as\u00ed como la del calendario nacional.<\/span><\/li>\n<li><span style=\"color: #000000;\">Se eliminan las burbujas.<\/span><\/li>\n<li><span style=\"color: #000000;\">Asistencia cuidada: ante la presencia de s\u00edntomas o malestar general-asociado o no a covid-19-, el personal y los alumnos no deben acudir a las escuelas y deben permanecer en aislamiento siguiendo los criterios vigentes. Se recomienda que realicen la consulta m\u00e9dica correspondiente.<\/span><\/li>\n<li><span style=\"color: #000000;\">Quien presente s\u00edntomas que no sean compatibles con covid-19, luego de 24 horas sin ellos, puede volver a la escuela.<\/span><\/li>\n<li><span style=\"color: #000000;\">Ante la presencia de casos de covid-19 se debe cumplir el aislamiento previsto, as\u00ed como las medidas ante contactos estrechos seg\u00fan condici\u00f3n de vacunaci\u00f3n.<\/span><\/li>\n<li><span style=\"color: #000000;\">La sospecha y confirmaci\u00f3n de casos no implica necesariamente el cierre del aula ni la interrupci\u00f3n de las clases presenciales.<\/span><\/li>\n<li><span style=\"color: #000000;\">Uso obligatorio de barbijo a partir del Nivel Primario: debe tapar nariz, boca y ment\u00f3n, bien ajustado a la cara y durante toda la jornada educativa en espacios cerrados.<\/span><\/li>\n<li><span style=\"color: #000000;\">La ventilaci\u00f3n debe ser cruzada y constante.<\/span><\/li>\n<li><span style=\"color: #000000;\">Higienizar y limpiar regularmente los ambientes y mantener una adecuada higiene de manos.<\/span><\/li>\n<li><span style=\"color: #000000;\">Priorizar la distancia en los momentos en que no se utilice barbijo.<\/span><\/li>\n<li><span style=\"color: #000000;\">Se sospechar\u00e1 de un brote de covid-19 en el aula en presencia de al menos tres casos confirmados entre alumnos\/as de una misma aula -o alumnos y docente, para el caso de docentes permanentes- asociados epidemiol\u00f3gicamente, en un per\u00edodo igual o inferior a siete d\u00edas.<\/span><\/li>\n<li><span style=\"color: #000000;\">Se promover\u00e1 el estudio etiol\u00f3gico de los brotes (confirmar los primeros casos con pruebas de laboratorio y los casos asociados por nexo epidemiol\u00f3gico) para identificar el riesgo de transmisi\u00f3n.<\/span><\/li>\n<li><span style=\"color: #000000;\">En ese caso se notificar\u00e1 a los familiares de los estudiantes y al personal relacionado al aula.<\/span><\/li>\n<li><span style=\"color: #000000;\">Frente a sospechas de brotes, la autoridad sanitaria realizar\u00e1 la evaluaci\u00f3n de riesgo pertinente y se encargar\u00e1 de definir junto a las autoridades educativas las medidas a adoptar.<\/span><\/li>\n<\/ul>\n<p><span style=\"color: #000000;\">En cuanto al ingreso y salida en las\u00a0<strong>escuelas<\/strong>, desde la DGE informaron que siguiendo los lineamientos generales,\u00a0cada escuela deber\u00e1 adaptarlos a su situaci\u00f3n.<\/span><\/p>\n","protected":false},"excerpt":{"rendered":"<p>El pr\u00f3ximo lunes, 21 de febrero, inicia\u00a0el ciclo lectivo 2022 en Mendoza. En el marco de la pandemia de\u00a0covid-19, las semanas &#8230;<\/p>\n","protected":false},"author":8,"featured_media":45435,"comment_status":"open","ping_status":"open","sticky":false,"template":"","format":"standard","meta":{"footnotes":""},"categories":[5,18],"tags":[],"class_list":["post-105601","post","type-post","status-publish","format-standard","has-post-thumbnail","hentry","category-actualidad","category-educacion"],"_links":{"self":[{"href":"https:\/\/vinasfm.com\/noticias\/wp-json\/wp\/v2\/posts\/105601","targetHints":{"allow":["GET"]}}],"collection":[{"href":"https:\/\/vinasfm.com\/noticias\/wp-json\/wp\/v2\/posts"}],"about":[{"href":"https:\/\/vinasfm.com\/noticias\/wp-json\/wp\/v2\/types\/post"}],"author":[{"embeddable":true,"href":"https:\/\/vinasfm.com\/noticias\/wp-json\/wp\/v2\/users\/8"}],"replies":[{"embeddable":true,"href":"https:\/\/vinasfm.com\/noticias\/wp-json\/wp\/v2\/comments?post=105601"}],"version-history":[{"count":3,"href":"https:\/\/vinasfm.com\/noticias\/wp-json\/wp\/v2\/posts\/105601\/revisions"}],"predecessor-version":[{"id":105624,"href":"https:\/\/vinasfm.com\/noticias\/wp-json\/wp\/v2\/posts\/105601\/revisions\/105624"}],"wp:featuredmedia":[{"embeddable":true,"href":"https:\/\/vinasfm.com\/noticias\/wp-json\/wp\/v2\/media\/45435"}],"wp:attachment":[{"href":"https:\/\/vinasfm.com\/noticias\/wp-json\/wp\/v2\/media?parent=105601"}],"wp:term":[{"taxonomy":"category","embeddable":true,"href":"https:\/\/vinasfm.com\/noticias\/wp-json\/wp\/v2\/categories?post=105601"},{"taxonomy":"post_tag","embeddable":true,"href":"https:\/\/vinasfm.com\/noticias\/wp-json\/wp\/v2\/tags?post=105601"}],"curies":[{"name":"wp","href":"https:\/\/api.w.org\/{rel}","templated":true}]}}