{"id":105597,"date":"2022-02-17T00:01:09","date_gmt":"2022-02-17T03:01:09","guid":{"rendered":"http:\/\/vinasfm.com\/noticias\/?p=105597"},"modified":"2022-02-17T09:09:34","modified_gmt":"2022-02-17T12:09:34","slug":"final-provincial-de-ajedrez-juani-y-un-historico-subcampeonato","status":"publish","type":"post","link":"https:\/\/vinasfm.com\/noticias\/final-provincial-de-ajedrez-juani-y-un-historico-subcampeonato\/","title":{"rendered":"FINAL PROVINCIAL DE AJEDREZ: JUANI Y UN HIST\u00d3RICO SUBCAMPEONATO"},"content":{"rendered":"<h4><span style=\"color: #000000;\"><strong>Juan Ignacio Ru\u00edz se coron\u00f3 Sub Campe\u00f3n Provincial de Ajedrez en ritmo r\u00e1pido, quedando s\u00f3lo detr\u00e1s del Gran Campe\u00f3n Mendocino Francisco Salguero, con quien igual\u00f3.<\/strong><\/span><\/h4>\n<p><span style=\"color: #000000;\">El pasado fin de semana, se llev\u00f3 a cabo en el Centro Patrimonial y Art\u00edstico \u00ab<strong><em>Crist\u00f3foro Colombo<\/em><\/strong>\u00ab, imponente espacio cultural ofrecido para la ocasi\u00f3n por la Municipalidad de Godoy Cruz, a la Federaci\u00f3n Mendocina de Ajedrez, a cargo del evento, la Final Provincial de partidas \u201c<strong><em>R\u00e1pidas<\/em><\/strong>\u201d.<\/span><\/p>\n<p><span style=\"color: #000000;\">El torneo se disput\u00f3 bajo<strong> Sistema Americano<\/strong> (Todos contra todos), entre 10 jugadores que clasificaron en representaci\u00f3n de distintos centros ajedrec\u00edsticos de la Provincia. <strong>Fueron 2 los representantes del Sur Provincial en la competencia: Juan Ignacio Ru\u00edz, por General Alvear y Kevin Herrera, por San Rafael<\/strong>.<\/span><\/p>\n<p><span style=\"color: #000000;\">Fue consagratoria la actuaci\u00f3n de \u00abJuani\u00bb, quien marcando un logro resonante para la historia del \u00ab<strong><em>Juego &#8211; Ciencia<\/em><\/strong>\u00bb Alvearense, se consagr\u00f3 Sub Campe\u00f3n, manteniendo chances de quedarse con el certamen hasta la \u00faltima ronda, en la que empat\u00f3 con el M\u00faltiple Campe\u00f3n Provincial, el Maestro FIDE Francisco Salguero.<\/span><\/p>\n<p><span style=\"color: #000000;\">En su camino, Ru\u00edz, se impuso al ex Campe\u00f3n Provincial de la modalidad, Cristian Acosta (Mendoza), Juan Manuel Gatti, V\u00edctor P\u00e9rez S\u00e1nchez (Mendoza Regatas), el experimentado Pedro Straniero, Kevin Herrera (San Rafael) y Gabriel Sala (Tupungato). Igual\u00f3 con el Maestro FIDE Francisco Salguero, y cay\u00f3 frente a Tom\u00e1s Caruso (Mendoza Regatas) y David Villegas (San Mart\u00edn).<\/span><\/p>\n<h4><span style=\"color: #000000;\"><strong>Tabla de Posiciones &#8211; Final Provincial de Ajedrez R\u00e1pido:<\/strong><\/span><\/h4>\n<p><span style=\"color: #000000;\">1\u00ba MF Francisco Salguero 7,5 Pts<\/span><\/p>\n<p><span style=\"color: #000000;\">2\u00ba Juan Ignacio Ru\u00edz 6,5 Pts<\/span><\/p>\n<p><span style=\"color: #000000;\">3\u00ba David Villegas 5,5 Pts<\/span><\/p>\n<p><span style=\"color: #000000;\">4\u00ba Tom\u00e1s Caruso 5,5 Pts<\/span><\/p>\n<p><span style=\"color: #000000;\">5\u00ba Juan Manuel Gatti 4,5 Pts<\/span><\/p>\n<p><span style=\"color: #000000;\">6\u00ba V\u00edctor P\u00e9rez S\u00e1nchez 4,5 Pts<\/span><\/p>\n<p><span style=\"color: #000000;\">7\u00ba Cristian Acosta 4 Pts<\/span><\/p>\n<p><span style=\"color: #000000;\">8\u00ba Kevin Herrera 3,5 Pts<\/span><\/p>\n<p><span style=\"color: #000000;\">9\u00ba Pedro Straniero 3,5 Pts<\/span><\/p>\n<p><span style=\"color: #000000;\">10\u00ba Gabriel Sala 0,5 Pts<\/span><\/p>\n<p><span style=\"color: #000000;\">El segundo puesto dentro del Ajedrez R\u00e1pido Mendocino de Juan Ignacio Ru\u00edz, es reflejo de su gran presente e iguala el Sub Campeonato conseguido hace 3 a\u00f1os por \u00c1lvaro Acu\u00f1a, cuando representando a General Alvear, perdiera la final Provincial absoluta a manos del MF Jorge Fern\u00e1ndez.<\/span><\/p>\n<p><span style=\"color: #000000;\">Si bien hace varios a\u00f1os que Alvear domina el medallero en categor\u00edas menores en la Provincia de Mendoza, s\u00f3lo en una oportunidad un Alvearense se coron\u00f3 Campe\u00f3n Provincial \u201cAbsoluto\u201d, y fue el Doctor Ferdking, hace ya m\u00e1s de 50 a\u00f1os.<\/span><\/p>\n","protected":false},"excerpt":{"rendered":"<p>Juan Ignacio Ru\u00edz se coron\u00f3 Sub Campe\u00f3n Provincial de Ajedrez en ritmo r\u00e1pido, quedando s\u00f3lo detr\u00e1s del Gran Campe\u00f3n Mendocino Francisco &#8230;<\/p>\n","protected":false},"author":8,"featured_media":105598,"comment_status":"open","ping_status":"open","sticky":false,"template":"","format":"standard","meta":{"footnotes":""},"categories":[5,3],"tags":[],"class_list":["post-105597","post","type-post","status-publish","format-standard","has-post-thumbnail","hentry","category-actualidad","category-deportes"],"_links":{"self":[{"href":"https:\/\/vinasfm.com\/noticias\/wp-json\/wp\/v2\/posts\/105597","targetHints":{"allow":["GET"]}}],"collection":[{"href":"https:\/\/vinasfm.com\/noticias\/wp-json\/wp\/v2\/posts"}],"about":[{"href":"https:\/\/vinasfm.com\/noticias\/wp-json\/wp\/v2\/types\/post"}],"author":[{"embeddable":true,"href":"https:\/\/vinasfm.com\/noticias\/wp-json\/wp\/v2\/users\/8"}],"replies":[{"embeddable":true,"href":"https:\/\/vinasfm.com\/noticias\/wp-json\/wp\/v2\/comments?post=105597"}],"version-history":[{"count":2,"href":"https:\/\/vinasfm.com\/noticias\/wp-json\/wp\/v2\/posts\/105597\/revisions"}],"predecessor-version":[{"id":105600,"href":"https:\/\/vinasfm.com\/noticias\/wp-json\/wp\/v2\/posts\/105597\/revisions\/105600"}],"wp:featuredmedia":[{"embeddable":true,"href":"https:\/\/vinasfm.com\/noticias\/wp-json\/wp\/v2\/media\/105598"}],"wp:attachment":[{"href":"https:\/\/vinasfm.com\/noticias\/wp-json\/wp\/v2\/media?parent=105597"}],"wp:term":[{"taxonomy":"category","embeddable":true,"href":"https:\/\/vinasfm.com\/noticias\/wp-json\/wp\/v2\/categories?post=105597"},{"taxonomy":"post_tag","embeddable":true,"href":"https:\/\/vinasfm.com\/noticias\/wp-json\/wp\/v2\/tags?post=105597"}],"curies":[{"name":"wp","href":"https:\/\/api.w.org\/{rel}","templated":true}]}}