{"id":105574,"date":"2022-02-17T00:01:32","date_gmt":"2022-02-17T03:01:32","guid":{"rendered":"http:\/\/vinasfm.com\/noticias\/?p=105574"},"modified":"2022-02-18T09:14:17","modified_gmt":"2022-02-18T12:14:17","slug":"jose-moran-destaco-la-federalizacion-del-plan-de-asfaltos-2022","status":"publish","type":"post","link":"https:\/\/vinasfm.com\/noticias\/jose-moran-destaco-la-federalizacion-del-plan-de-asfaltos-2022\/","title":{"rendered":"JOS\u00c9 MOR\u00c1N DESTAC\u00d3 LA FEDERALIZACI\u00d3N DEL PLAN DE ASFALTOS 2022"},"content":{"rendered":"<h4><span style=\"color: #000000;\"><strong>La Municipalidad de General Alvear tiene proyectado la pavimentaci\u00f3n y recuperaci\u00f3n de asfaltos de unas ochenta cuadras con una inversi\u00f3n total de aproximadamente $240 millones. Desde el Concejo Deliberante, su presidente Jos\u00e9 Mor\u00e1n hizo referencia a tan ambicioso proyecto.<\/strong> <\/span><\/h4>\n<p><span style=\"color: #000000;\">&#8216;<strong><em>Hace varios meses que venimos trabajando con los vecinos y el secretario de obras y servicios p\u00fablicos sobre las distintas calles que est\u00e1n deterioradas y necesitan ser repavimentadas y tambi\u00e9n las que no est\u00e1n pavimentadas a\u00fan y hay que hacerlas<\/em><\/strong>&#8216;, manifest\u00f3 el Presidente del Concejo Deliberante.<\/span><\/p>\n<div id=\"attachment_105576\" style=\"width: 300px\" class=\"wp-caption alignleft\"><a href=\"http:\/\/vinasfm.com\/noticias\/wp-content\/uploads\/2022\/02\/3677ae16-eed9-4809-8992-30d5b9404e22.jpg\"><img loading=\"lazy\" decoding=\"async\" aria-describedby=\"caption-attachment-105576\" class=\"size-medium wp-image-105576\" src=\"http:\/\/vinasfm.com\/noticias\/wp-content\/uploads\/2022\/02\/3677ae16-eed9-4809-8992-30d5b9404e22-300x200.jpg\" alt=\"\" width=\"300\" height=\"200\" srcset=\"https:\/\/vinasfm.com\/noticias\/wp-content\/uploads\/2022\/02\/3677ae16-eed9-4809-8992-30d5b9404e22-300x200.jpg 300w, https:\/\/vinasfm.com\/noticias\/wp-content\/uploads\/2022\/02\/3677ae16-eed9-4809-8992-30d5b9404e22-768x513.jpg 768w, https:\/\/vinasfm.com\/noticias\/wp-content\/uploads\/2022\/02\/3677ae16-eed9-4809-8992-30d5b9404e22.jpg 800w\" sizes=\"auto, (max-width: 300px) 100vw, 300px\" \/><\/a><p id=\"caption-attachment-105576\" class=\"wp-caption-text\">Jos\u00e9 Mor\u00e1n, Jorge P\u00e9rez y Walther Marcolini.<\/p><\/div>\n<p><span style=\"color: #000000;\">En este sentido resalt\u00f3 que estas obras de asfaltos &#8216;<strong><em>incluyen a vecinos de Ciudad, San Pedro del Atuel, Alvear Oeste y Bowen, a quienes se les va a dar respuesta sobre los distintos reclamos que ven\u00edan realizando a lo largo de estos meses. Tambi\u00e9n es importante mencionar que estas obras mejoran la calidad de vida de las personas, proporciona seguridad vial, ya que evitan accidentes por el estado de las calzadas y ayudan al progreso departamental<\/em><\/strong>&#8216;.<\/span><\/p>\n<p><span style=\"color: #000000;\">En cuanto al financiamiento del plan, el concejal de la UCR manifest\u00f3 que &#8216;<strong><em>se prev\u00e9 una primera etapa pensada que se concrete mediante un endeudamiento de $112 millones al que se le suma el subsidio de la provincia por $40 millones<\/em><\/strong>&#8216;.<\/span><\/p>\n<p><span style=\"color: #000000;\">Por \u00faltimo, Mor\u00e1n asegur\u00f3: &#8216;<strong><em>Ya hemos hecho reuniones en sala de comisiones, donde hemos estado todos los concejales y donde se les ha solicitado a los ediles del bloque del Frente de Todos que hagan sus aportes y planteos de las calles afectadas que desean agregar al listado general. Tambi\u00e9n con el secretario de obras p\u00fablicas Jorge P\u00e9rez se analizaron muchos casos que a\u00fan no cuentan con la extensi\u00f3n de red cloacal, por lo que con AYSAM acordaron que ellos trabajen antes y a posterior se asfaltar\u00e1n<\/em><\/strong>&#8216;.<\/span><\/p>\n","protected":false},"excerpt":{"rendered":"<p>La Municipalidad de General Alvear tiene proyectado la pavimentaci\u00f3n y recuperaci\u00f3n de asfaltos de unas ochenta cuadras con una inversi\u00f3n total &#8230;<\/p>\n","protected":false},"author":8,"featured_media":105575,"comment_status":"open","ping_status":"open","sticky":false,"template":"","format":"standard","meta":{"footnotes":""},"categories":[5,29],"tags":[],"class_list":["post-105574","post","type-post","status-publish","format-standard","has-post-thumbnail","hentry","category-actualidad","category-obras-y-servicios"],"_links":{"self":[{"href":"https:\/\/vinasfm.com\/noticias\/wp-json\/wp\/v2\/posts\/105574","targetHints":{"allow":["GET"]}}],"collection":[{"href":"https:\/\/vinasfm.com\/noticias\/wp-json\/wp\/v2\/posts"}],"about":[{"href":"https:\/\/vinasfm.com\/noticias\/wp-json\/wp\/v2\/types\/post"}],"author":[{"embeddable":true,"href":"https:\/\/vinasfm.com\/noticias\/wp-json\/wp\/v2\/users\/8"}],"replies":[{"embeddable":true,"href":"https:\/\/vinasfm.com\/noticias\/wp-json\/wp\/v2\/comments?post=105574"}],"version-history":[{"count":2,"href":"https:\/\/vinasfm.com\/noticias\/wp-json\/wp\/v2\/posts\/105574\/revisions"}],"predecessor-version":[{"id":105578,"href":"https:\/\/vinasfm.com\/noticias\/wp-json\/wp\/v2\/posts\/105574\/revisions\/105578"}],"wp:featuredmedia":[{"embeddable":true,"href":"https:\/\/vinasfm.com\/noticias\/wp-json\/wp\/v2\/media\/105575"}],"wp:attachment":[{"href":"https:\/\/vinasfm.com\/noticias\/wp-json\/wp\/v2\/media?parent=105574"}],"wp:term":[{"taxonomy":"category","embeddable":true,"href":"https:\/\/vinasfm.com\/noticias\/wp-json\/wp\/v2\/categories?post=105574"},{"taxonomy":"post_tag","embeddable":true,"href":"https:\/\/vinasfm.com\/noticias\/wp-json\/wp\/v2\/tags?post=105574"}],"curies":[{"name":"wp","href":"https:\/\/api.w.org\/{rel}","templated":true}]}}