{"id":105557,"date":"2022-02-16T18:00:13","date_gmt":"2022-02-16T21:00:13","guid":{"rendered":"http:\/\/vinasfm.com\/noticias\/?p=105557"},"modified":"2022-02-17T19:02:57","modified_gmt":"2022-02-17T22:02:57","slug":"vandalizaron-las-instalaciones-del-mercado-municipal","status":"publish","type":"post","link":"https:\/\/vinasfm.com\/noticias\/vandalizaron-las-instalaciones-del-mercado-municipal\/","title":{"rendered":"VANDALIZARON LAS INSTALACIONES DEL MERCADO MUNICIPAL"},"content":{"rendered":"<p><span style=\"color: #000000;\">Lamentablemente, <strong>el reinaugurado Mercado Municipal fue blanco de un grupo de inadaptados<\/strong> que en <strong>horas de la madrugada de este mi\u00e9rcoles vandaliz\u00f3 distintas instalaciones del lugar<\/strong>.<\/span><\/p>\n<p><span style=\"color: #000000;\">El espacio que <strong>utilizan feriantes para comercializar sus productos<\/strong> y suele ser<strong> escenario de m\u00faltiples actividades culturales y sociales<\/strong> fue vandalizado por desconocidos que <strong>ingresaron a da\u00f1ar 5 placas de fibrocemento ubicadas en la parte trasera de los boxs y rompieron algunos virios.<\/strong><\/span><\/p>\n<p><span style=\"color: #000000;\">El <strong>Subcomisario Jos\u00e9 L\u00f3pez<\/strong> se\u00f1al\u00f3 en di\u00e1logo con <strong>F.M. VI\u00d1AS<\/strong> que <strong>el sereno arrib\u00f3 cerca de las 06:30hs<\/strong> y constat\u00f3 los da\u00f1os, raz\u00f3n por la que <strong>comunic\u00f3 lo sucedido al 911<\/strong>.<\/span><\/p>\n<p><span style=\"color: #000000;\">Teniendo como precio referencial $7 mil por cada placa da\u00f1ada, <strong>el total de da\u00f1os se calcula en $35 mil<\/strong> por lo que durante la misma ma\u00f1ana de este mi\u00e9rcoles<strong> personal municipal procedi\u00f3 a reponer lo vandalizado<\/strong>. Asimismo, desde el Municipio adelantaron que <strong>van a adoptar nuevas medidas de\u00a0<\/strong><b>seguridad<\/b>\u00a0como la <strong>colocaci\u00f3n de c\u00e1maras de videovigilancia<\/strong> y <strong>colocaci\u00f3n de rejas en la parte externa de los boxs<\/strong> que da a los pasillos lindantes.<\/span><\/p>\n","protected":false},"excerpt":{"rendered":"<p>Lamentablemente, el reinaugurado Mercado Municipal fue blanco de un grupo de inadaptados que en horas de la madrugada de este mi\u00e9rcoles &#8230;<\/p>\n","protected":false},"author":8,"featured_media":95301,"comment_status":"open","ping_status":"closed","sticky":false,"template":"","format":"standard","meta":{"footnotes":""},"categories":[5,4],"tags":[],"class_list":["post-105557","post","type-post","status-publish","format-standard","has-post-thumbnail","hentry","category-actualidad","category-policiales"],"_links":{"self":[{"href":"https:\/\/vinasfm.com\/noticias\/wp-json\/wp\/v2\/posts\/105557","targetHints":{"allow":["GET"]}}],"collection":[{"href":"https:\/\/vinasfm.com\/noticias\/wp-json\/wp\/v2\/posts"}],"about":[{"href":"https:\/\/vinasfm.com\/noticias\/wp-json\/wp\/v2\/types\/post"}],"author":[{"embeddable":true,"href":"https:\/\/vinasfm.com\/noticias\/wp-json\/wp\/v2\/users\/8"}],"replies":[{"embeddable":true,"href":"https:\/\/vinasfm.com\/noticias\/wp-json\/wp\/v2\/comments?post=105557"}],"version-history":[{"count":3,"href":"https:\/\/vinasfm.com\/noticias\/wp-json\/wp\/v2\/posts\/105557\/revisions"}],"predecessor-version":[{"id":105590,"href":"https:\/\/vinasfm.com\/noticias\/wp-json\/wp\/v2\/posts\/105557\/revisions\/105590"}],"wp:featuredmedia":[{"embeddable":true,"href":"https:\/\/vinasfm.com\/noticias\/wp-json\/wp\/v2\/media\/95301"}],"wp:attachment":[{"href":"https:\/\/vinasfm.com\/noticias\/wp-json\/wp\/v2\/media?parent=105557"}],"wp:term":[{"taxonomy":"category","embeddable":true,"href":"https:\/\/vinasfm.com\/noticias\/wp-json\/wp\/v2\/categories?post=105557"},{"taxonomy":"post_tag","embeddable":true,"href":"https:\/\/vinasfm.com\/noticias\/wp-json\/wp\/v2\/tags?post=105557"}],"curies":[{"name":"wp","href":"https:\/\/api.w.org\/{rel}","templated":true}]}}