{"id":105548,"date":"2022-02-17T07:00:25","date_gmt":"2022-02-17T10:00:25","guid":{"rendered":"http:\/\/vinasfm.com\/noticias\/?p=105548"},"modified":"2022-02-17T23:12:00","modified_gmt":"2022-02-18T02:12:00","slug":"los-argumentos-por-los-que-ambientalistas-se-oponen-al-proyecto-el-azufre","status":"publish","type":"post","link":"https:\/\/vinasfm.com\/noticias\/los-argumentos-por-los-que-ambientalistas-se-oponen-al-proyecto-el-azufre\/","title":{"rendered":"LOS ARGUMENTOS POR LOS QUE AMBIENTALISTAS SE OPONEN AL PROYECTO EL AZUFRE"},"content":{"rendered":"<h4><span style=\"color: #000000;\"><strong>Las Asambleas Mendocinas por el Agua Pura emitieron un contundente comunicado contra la &#8216;<em>gratuita entrega de 12.351 hect\u00e1reas por parte del Gobierno de Mendoza al grupo empresario El Azufre para el supuesto desarrollo de un centro de esqu\u00ed y emprendimiento inmobiliario e alto impacto ambiental<\/em>&#8216;.<\/strong><\/span><\/h4>\n<p><span style=\"color: #000000;\">Como argumento contra lo que consideran el <strong><em>&#8216;regalo de tierras fiscales<\/em><\/strong>&#8216;, las asambleas se\u00f1alan que en el actual contexto de crisis h\u00eddrica significa <strong>atentar contra la vida y las econom\u00edas regionales adem\u00e1s de constituir un delito<\/strong>.<\/span><\/p>\n<div id=\"attachment_48861\" style=\"width: 300px\" class=\"wp-caption alignleft\"><a href=\"http:\/\/vinasfm.com\/noticias\/wp-content\/uploads\/2019\/03\/MIGUEL-RODRIGUEZ.jpg\"><img loading=\"lazy\" decoding=\"async\" aria-describedby=\"caption-attachment-48861\" class=\"size-medium wp-image-48861\" src=\"http:\/\/vinasfm.com\/noticias\/wp-content\/uploads\/2019\/03\/MIGUEL-RODRIGUEZ-300x169.jpg\" alt=\"\" width=\"300\" height=\"169\" srcset=\"https:\/\/vinasfm.com\/noticias\/wp-content\/uploads\/2019\/03\/MIGUEL-RODRIGUEZ-300x169.jpg 300w, https:\/\/vinasfm.com\/noticias\/wp-content\/uploads\/2019\/03\/MIGUEL-RODRIGUEZ-768x432.jpg 768w, https:\/\/vinasfm.com\/noticias\/wp-content\/uploads\/2019\/03\/MIGUEL-RODRIGUEZ-1024x576.jpg 1024w, https:\/\/vinasfm.com\/noticias\/wp-content\/uploads\/2019\/03\/MIGUEL-RODRIGUEZ-750x420.jpg 750w, https:\/\/vinasfm.com\/noticias\/wp-content\/uploads\/2019\/03\/MIGUEL-RODRIGUEZ.jpg 1040w\" sizes=\"auto, (max-width: 300px) 100vw, 300px\" \/><\/a><p id=\"caption-attachment-48861\" class=\"wp-caption-text\">Miguel Rodr\u00edguez en el estudio de F.M. Vi\u00f1as (2019).<\/p><\/div>\n<p><span style=\"color: #000000;\">\u00a0<\/span><span style=\"color: #000000;\">En di\u00e1logo con <strong>F.M. VI\u00d1AS<\/strong> el <strong>referente ambientalista Miguel Rodr\u00edguez<\/strong> esgrimi\u00f3 las razones por las que repudian el otorgamiento de un gran sector cordillerano en Malarg\u00fce repleto de bienes naturales estrat\u00e9gicos: &#8216;<strong><em>Parece reiterativa y permanente la ofensiva de estos sectores empresariales de distintos tipos. En este caso no se trata de megaminer\u00eda ni de fraking pero se trata en esta zona que muy importante por sus glaciares y acu\u00edferos que se entrega sin ning\u00fan tipo de control<\/em><\/strong>&#8216;.<\/span><\/p>\n<p><span style=\"color: #000000;\">Consultado sobre los pasos que deben darse en el otorgamiento de este tipo de bienes, Rodr\u00edguez consign\u00f3: &#8216;<strong><em>Primero se debe ver si se ajusta a las leyes nacionales porque es zona de frontera y esto tiene una legislaci\u00f3n propia porque no puede entregarse a privados y adem\u00e1s debe llamarse a audiencia p\u00fablica porque constituye un patrimonio de todos los mendocinos. Tampoco se hizo un estudio de impacto ambiental por lo que no existe expediente al respecto<\/em><\/strong>&#8216;.<\/span><\/p>\n<p><span style=\"color: #000000;\">Puntualizando en las leyes existentes que se han visto intencionalmente vulneradas, indic\u00f3 que &#8216;<strong><em>pasaron encima de la Ley Nacional 25.675, la Ley Provincial 5.961, la Ley Nacional de Glaciares 26.639 y la 26.160<\/em><\/strong>&#8216;, por lo que considera que<strong> es una medida ilegitima e ilegal<\/strong> que est\u00e1 en consonancia con el &#8216;<em><strong>modelo extractivista implementado en complicidad entre el gobierno nacional y el provincial<\/strong><\/em>&#8216;.<\/span><\/p>\n<p><span style=\"color: #000000;\">Ante estas &#8216;<strong><em>maniobras fraudulentas&#8217;<\/em><\/strong>, Rodr\u00edguez explic\u00f3 que &#8216;<strong><em>desde la asamblea tenemos que salir siempre a oponernos a procesos que no se hacen como corresponde porque estas cuestiones deben ser expuestas ante el p\u00fablico<\/em><\/strong>&#8216;, y concluy\u00f3: &#8216;<strong><em>Estamos en democracia por eso todo debe ser puesto a la luz p\u00fablica, deben ser cotejadas en audiencias p\u00fablicas y gente que vive en la zona, que sea un proceso claro y limpio para quienes viven en la zona<\/em><\/strong>&#8216;.<\/span><\/p>\n","protected":false},"excerpt":{"rendered":"<p>Las Asambleas Mendocinas por el Agua Pura emitieron un contundente comunicado contra la &#8216;gratuita entrega de 12.351 hect\u00e1reas por parte del &#8230;<\/p>\n","protected":false},"author":8,"featured_media":105584,"comment_status":"open","ping_status":"open","sticky":false,"template":"","format":"standard","meta":{"footnotes":""},"categories":[5,10],"tags":[],"class_list":["post-105548","post","type-post","status-publish","format-standard","has-post-thumbnail","hentry","category-actualidad","category-destacadas"],"_links":{"self":[{"href":"https:\/\/vinasfm.com\/noticias\/wp-json\/wp\/v2\/posts\/105548","targetHints":{"allow":["GET"]}}],"collection":[{"href":"https:\/\/vinasfm.com\/noticias\/wp-json\/wp\/v2\/posts"}],"about":[{"href":"https:\/\/vinasfm.com\/noticias\/wp-json\/wp\/v2\/types\/post"}],"author":[{"embeddable":true,"href":"https:\/\/vinasfm.com\/noticias\/wp-json\/wp\/v2\/users\/8"}],"replies":[{"embeddable":true,"href":"https:\/\/vinasfm.com\/noticias\/wp-json\/wp\/v2\/comments?post=105548"}],"version-history":[{"count":5,"href":"https:\/\/vinasfm.com\/noticias\/wp-json\/wp\/v2\/posts\/105548\/revisions"}],"predecessor-version":[{"id":105588,"href":"https:\/\/vinasfm.com\/noticias\/wp-json\/wp\/v2\/posts\/105548\/revisions\/105588"}],"wp:featuredmedia":[{"embeddable":true,"href":"https:\/\/vinasfm.com\/noticias\/wp-json\/wp\/v2\/media\/105584"}],"wp:attachment":[{"href":"https:\/\/vinasfm.com\/noticias\/wp-json\/wp\/v2\/media?parent=105548"}],"wp:term":[{"taxonomy":"category","embeddable":true,"href":"https:\/\/vinasfm.com\/noticias\/wp-json\/wp\/v2\/categories?post=105548"},{"taxonomy":"post_tag","embeddable":true,"href":"https:\/\/vinasfm.com\/noticias\/wp-json\/wp\/v2\/tags?post=105548"}],"curies":[{"name":"wp","href":"https:\/\/api.w.org\/{rel}","templated":true}]}}