{"id":105539,"date":"2022-02-16T23:58:21","date_gmt":"2022-02-17T02:58:21","guid":{"rendered":"http:\/\/vinasfm.com\/noticias\/?p=105539"},"modified":"2022-02-17T09:10:18","modified_gmt":"2022-02-17T12:10:18","slug":"pablo-reyes-fue-designado-como-coordinador-de-cuidados-alternativos","status":"publish","type":"post","link":"https:\/\/vinasfm.com\/noticias\/pablo-reyes-fue-designado-como-coordinador-de-cuidados-alternativos\/","title":{"rendered":"PABLO REYES FUE DESIGNADO COMO COORDINADOR DE CUIDADOS ALTERNATIVOS"},"content":{"rendered":"<h4><span style=\"color: #000000;\"><strong>En los \u00faltimos d\u00edas, Pablo Reyes se hizo cargo de la Coordinaci\u00f3n de Cuidados Alternativos de General Alvear.\u00a0<\/strong><\/span><\/h4>\n<p><span style=\"color: #000000;\">Consultado sobre el nuevo cargo que le toca ocupar, el ex Secretario de Desarrollo Humano y ex Director de Servicios P\u00fablicos de la Municipalidad local explic\u00f3 en di\u00e1logo con <strong>F.M. VI\u00d1AS<\/strong>: &#8216;<strong><em>Es un \u00e1rea que funcionaba en la delegaci\u00f3n sur de la subsecretar\u00eda en San Rafael y hoy es de gran necesidad. Hay gente de Alvear que trabaja y conoce la problem\u00e1tica y nos encomendaron la tarea de coordinar la funcionalidad de la oficina y equipos t\u00e9cnicos<\/em><\/strong>&#8216;.<\/span><\/p>\n<p><span style=\"color: #000000;\">En este sentido subray\u00f3: &#8216;<strong><em>La tem\u00e1tica de ni\u00f1ez demanda un compromiso serio. Es un \u00e1rea que pas\u00f3 a ser la DINAF a partir de la implementaci\u00f3n de la ley 26.561 y hoy es la Direcci\u00f3n General de Protecci\u00f3n y promoci\u00f3n de derechos del ni\u00f1o y adolescentes<\/em><\/strong>&#8216;.<\/span><\/p>\n<p><span style=\"color: #000000;\">Respecto al desaf\u00edo que genera estar al frente de \u00e1reas con importante compromiso social, Reyes coment\u00f3: &#8216;<strong><em>Es un desafio el volver a lo que nos moviliza que son las pol\u00edticas sociales. Vamos a intentar desde nuestros espacio ayudar con la contidad de casos de derechos de ni\u00f1os y adolescentes&#8217;.<\/em><\/strong><\/span><\/p>\n<p><span style=\"color: #000000;\">En el marco del D\u00eda Internacional de la Lucha Contra el Cancer indic\u00f3:<em><b> &#8216;Desde mi lugar acompa\u00f1ar\u00e9 en esto de la lucha de c\u00e1ncer infantil es algo que siempre hicimos y peleamos por darle una mejor calidad de vida<\/b><\/em>&#8216;.<\/span><\/p>\n<p><span style=\"color: #000000;\">&#8216;<strong><em>El c\u00e1ncer infantil no se puede prevenir pero cuando se diagnostica a tiempo se puede llevar a cabo un tratamiento. Es paises de mayor desarrollo econ\u00f3mico el 80% de los chicos se recuperan y logran tener una vida normal y desarrollarse en todos los \u00e1mbitos de su vida<\/em><\/strong>&#8216;, manifest\u00f3.<\/span><\/p>\n<p><span style=\"color: #000000;\">Finalmente puntualiz\u00f3: &#8216;<strong><em>Mendoza es una de las primeras provincias en tener la ley oncopediatrica que permite darle ayuda a la familia de quien est\u00e9 transitando la enfermedad<\/em><\/strong>&#8216;.<\/span><\/p>\n","protected":false},"excerpt":{"rendered":"<p>En los \u00faltimos d\u00edas, Pablo Reyes se hizo cargo de la Coordinaci\u00f3n de Cuidados Alternativos de General Alvear.\u00a0 Consultado sobre el &#8230;<\/p>\n","protected":false},"author":8,"featured_media":85573,"comment_status":"open","ping_status":"open","sticky":false,"template":"","format":"standard","meta":{"footnotes":""},"categories":[5,10],"tags":[],"class_list":["post-105539","post","type-post","status-publish","format-standard","has-post-thumbnail","hentry","category-actualidad","category-destacadas"],"_links":{"self":[{"href":"https:\/\/vinasfm.com\/noticias\/wp-json\/wp\/v2\/posts\/105539","targetHints":{"allow":["GET"]}}],"collection":[{"href":"https:\/\/vinasfm.com\/noticias\/wp-json\/wp\/v2\/posts"}],"about":[{"href":"https:\/\/vinasfm.com\/noticias\/wp-json\/wp\/v2\/types\/post"}],"author":[{"embeddable":true,"href":"https:\/\/vinasfm.com\/noticias\/wp-json\/wp\/v2\/users\/8"}],"replies":[{"embeddable":true,"href":"https:\/\/vinasfm.com\/noticias\/wp-json\/wp\/v2\/comments?post=105539"}],"version-history":[{"count":5,"href":"https:\/\/vinasfm.com\/noticias\/wp-json\/wp\/v2\/posts\/105539\/revisions"}],"predecessor-version":[{"id":105566,"href":"https:\/\/vinasfm.com\/noticias\/wp-json\/wp\/v2\/posts\/105539\/revisions\/105566"}],"wp:featuredmedia":[{"embeddable":true,"href":"https:\/\/vinasfm.com\/noticias\/wp-json\/wp\/v2\/media\/85573"}],"wp:attachment":[{"href":"https:\/\/vinasfm.com\/noticias\/wp-json\/wp\/v2\/media?parent=105539"}],"wp:term":[{"taxonomy":"category","embeddable":true,"href":"https:\/\/vinasfm.com\/noticias\/wp-json\/wp\/v2\/categories?post=105539"},{"taxonomy":"post_tag","embeddable":true,"href":"https:\/\/vinasfm.com\/noticias\/wp-json\/wp\/v2\/tags?post=105539"}],"curies":[{"name":"wp","href":"https:\/\/api.w.org\/{rel}","templated":true}]}}