{"id":105527,"date":"2022-02-17T08:30:35","date_gmt":"2022-02-17T11:30:35","guid":{"rendered":"http:\/\/vinasfm.com\/noticias\/?p=105527"},"modified":"2022-02-18T20:49:00","modified_gmt":"2022-02-18T23:49:00","slug":"ninos-de-todo-el-pais-participaran-del-alvear-cup","status":"publish","type":"post","link":"https:\/\/vinasfm.com\/noticias\/ninos-de-todo-el-pais-participaran-del-alvear-cup\/","title":{"rendered":"YA SE VIVE EL ALVEAR CUP, TORNEO DEL QUE PARTICIPAR\u00c1N NI\u00d1OS DE TODO EL PA\u00cdS"},"content":{"rendered":"<h4><span style=\"color: #000000;\"><strong>El Secretario de Gobierno Mariano Varela junto al Asesor de Gesti\u00f3n Deportiva Jorge P\u00e1ez y Fernando Constanzo, uno de los organizadores de Alvear Cup, hicieron la presentaci\u00f3n de una nueva edici\u00f3n del Torneo de F\u00fatbol infantil Alvear Cup 2.022, que organiza cada a\u00f1o el Sport Club Pac\u00edfico y cuenta con la colaboraci\u00f3n del Municipio.<\/strong><\/span><\/h4>\n<p><span style=\"color: #000000;\">El <strong>Torneo Alvear Cup comenzar\u00e1 el pr\u00f3ximo jueves 17 al domingo 20 de febrero<\/strong> en nuestro Departamento. Mariano Varela coment\u00f3 que la Municipalidad colabora con el evento de los Naranjitas de Bowen, el Torneo Zummy en Alvear Oeste y en este momento con el Alvear Cup, destacando la importancia de cada uno de estos eventos: &#8216;<strong><em>Esto es trascendental para la contenci\u00f3n de los ni\u00f1os, las ligas infantiles son importantes para toda la comunidad, porque apuntan a la contenci\u00f3n de los ni\u00f1os mediante el deporte<\/em><\/strong>&#8216;.<\/span><\/p>\n<p><span style=\"color: #000000;\">Por su parte, <strong>Jorge P\u00e1ez<\/strong> especific\u00f3 que la participaci\u00f3n del Municipio es en conjunto con el Sport Club Pac\u00edfico, apostando al f\u00fatbol infantil, dado que se coordin\u00f3 con la Provincia, de donde se han recibido recursos para colaborar con la organizaci\u00f3n, hospedaje, premiaci\u00f3n, por lo cual manifest\u00f3 su agradecido y subray\u00f3 que la Direcci\u00f3n de Deportes, Actividad F\u00edsica y Recreaci\u00f3n colabora con los profesores de Educaci\u00f3n F\u00edsica para las tareas de planillado y organizaci\u00f3n general.<\/span><\/p>\n<p><span style=\"color: #000000;\">&#8216;<strong><em>Cada Club aporta lindos valores mediante el deporte. Adem\u00e1s, este evento deportivo contribuye al turismo, al culminar Alvear Cup va a llegar el SARR a nuestro Departamento, favoreciendo a prestadores y comerciantes locales<\/em><\/strong>&#8216;, se\u00f1al\u00f3.<\/span><\/p>\n<p><span style=\"color: #000000;\"><strong>Fernando Constanzo<\/strong>, uno de los organizadores de este evento, detall\u00f3 que son 35 las delegaciones de distintas partes del Pa\u00eds que van a estar durante los cuatro d\u00edas del torneo en General Alvear, son muchos ni\u00f1os y padres que se har\u00e1n presentes. &#8216;<strong><em>Con ansias estamos esperando este gran evento. En 2020 fueron 45 las delegaciones, viene menor n\u00famero de delegaciones, pero son divisiones con m\u00e1s cantidad de integrantes. Van jugar 20 equipos por categor\u00eda, fueron 16 en la edici\u00f3n anterior y apostamos a duplicar. Los ni\u00f1os est\u00e1n todos muy ansiosos por jugar el Alvear Cup, que tiene las dimensiones de uno de los torneos m\u00e1s grandes del Pa\u00eds, ya que otros organizadores nos llaman para intercambiar ideas o para averiguar acerca de la log\u00edstica<\/em><\/strong>&#8216;, manifest\u00f3.<\/span><\/p>\n<p><span style=\"color: #000000;\">Este a\u00f1o es importante en cuanto a lo futbol\u00edstico, ya que va a ser la primera edici\u00f3n en la que todos los clubes que participan en la liga van a estar presentes jugando: &#8216;<strong><em>En nuestro torneo garantizamos que jueguen cinco a seis partidos cada equipo, no que jueguen un partido y si pierden queden fuera de torneo. Garantizamos que los chicos se queden en Alvear los cuatro d\u00edas y se lleven un presente por haber participado, adem\u00e1s de que se mueva la actividad econ\u00f3mica local, porque calculamos que vendr\u00e1n entre 8000 y 9000 personas aproximadamente<\/em><\/strong>&#8216;.<\/span><\/p>\n","protected":false},"excerpt":{"rendered":"<p>El Secretario de Gobierno Mariano Varela junto al Asesor de Gesti\u00f3n Deportiva Jorge P\u00e1ez y Fernando Constanzo, uno de los organizadores &#8230;<\/p>\n","protected":false},"author":8,"featured_media":105529,"comment_status":"open","ping_status":"open","sticky":false,"template":"","format":"standard","meta":{"footnotes":""},"categories":[5,3],"tags":[],"class_list":["post-105527","post","type-post","status-publish","format-standard","has-post-thumbnail","hentry","category-actualidad","category-deportes"],"_links":{"self":[{"href":"https:\/\/vinasfm.com\/noticias\/wp-json\/wp\/v2\/posts\/105527","targetHints":{"allow":["GET"]}}],"collection":[{"href":"https:\/\/vinasfm.com\/noticias\/wp-json\/wp\/v2\/posts"}],"about":[{"href":"https:\/\/vinasfm.com\/noticias\/wp-json\/wp\/v2\/types\/post"}],"author":[{"embeddable":true,"href":"https:\/\/vinasfm.com\/noticias\/wp-json\/wp\/v2\/users\/8"}],"replies":[{"embeddable":true,"href":"https:\/\/vinasfm.com\/noticias\/wp-json\/wp\/v2\/comments?post=105527"}],"version-history":[{"count":3,"href":"https:\/\/vinasfm.com\/noticias\/wp-json\/wp\/v2\/posts\/105527\/revisions"}],"predecessor-version":[{"id":105654,"href":"https:\/\/vinasfm.com\/noticias\/wp-json\/wp\/v2\/posts\/105527\/revisions\/105654"}],"wp:featuredmedia":[{"embeddable":true,"href":"https:\/\/vinasfm.com\/noticias\/wp-json\/wp\/v2\/media\/105529"}],"wp:attachment":[{"href":"https:\/\/vinasfm.com\/noticias\/wp-json\/wp\/v2\/media?parent=105527"}],"wp:term":[{"taxonomy":"category","embeddable":true,"href":"https:\/\/vinasfm.com\/noticias\/wp-json\/wp\/v2\/categories?post=105527"},{"taxonomy":"post_tag","embeddable":true,"href":"https:\/\/vinasfm.com\/noticias\/wp-json\/wp\/v2\/tags?post=105527"}],"curies":[{"name":"wp","href":"https:\/\/api.w.org\/{rel}","templated":true}]}}