{"id":105515,"date":"2022-02-16T17:00:26","date_gmt":"2022-02-16T20:00:26","guid":{"rendered":"http:\/\/vinasfm.com\/noticias\/?p=105515"},"modified":"2022-02-16T18:50:53","modified_gmt":"2022-02-16T21:50:53","slug":"instalaron-un-corazon-solidario-y-pintaron-un-mural-para-generar-conciencia-sobre-el-cancer-infantil","status":"publish","type":"post","link":"https:\/\/vinasfm.com\/noticias\/instalaron-un-corazon-solidario-y-pintaron-un-mural-para-generar-conciencia-sobre-el-cancer-infantil\/","title":{"rendered":"INSTALARON UN CORAZ\u00d3N SOLIDARIO Y PINTARON UN MURAL PARA GENERAR CONCIENCIA SOBRE EL C\u00c1NCER INFANTIL"},"content":{"rendered":"<h4><span style=\"color: #000000;\"><strong>Este 15 de febrero se conmemor\u00f3 el D\u00eda Internacional del C\u00e1ncer Infantil, para visibilizar, sensibilizar y generar conciencia acerca de esta patolog\u00eda. En la Plaza Manuel Belgrano de Alvear Oeste se inaugur\u00f3 un coraz\u00f3n solidario para la recolecci\u00f3n de tapitas pl\u00e1sticas y un mural, cuyo t\u00edtulo es: &#8216;<em>Luchando con una sonrisa<\/em>&#8216;.<\/strong><\/span><\/h4>\n<p><span style=\"color: #000000;\">Este d\u00eda tiene como objetivo sensibilizar y concienciar sobre la importancia de los desaf\u00edos a los que se enfrentan los ni\u00f1os, los adolescentes y sus familias, as\u00ed como de la necesidad de que todos los ni\u00f1os, en cualquier lugar del mundo, tengan acceso a un diagn\u00f3stico y tratamiento, preciso y a tiempo.<\/span><\/p>\n<div id=\"attachment_105519\" style=\"width: 300px\" class=\"wp-caption alignleft\"><a href=\"http:\/\/vinasfm.com\/noticias\/wp-content\/uploads\/2022\/02\/FOTOS-Inauguracion-del-Corazon-Solidario-en-la-Plaza-Manuel-Belgrano-de-Alvear-Oeste-en-el-marco-del-Dia-Internacional-de-la-Lucha-contra-el-Cancer-Infantil_MG_1724.jpg\"><img loading=\"lazy\" decoding=\"async\" aria-describedby=\"caption-attachment-105519\" class=\"wp-image-105519 size-medium\" src=\"http:\/\/vinasfm.com\/noticias\/wp-content\/uploads\/2022\/02\/FOTOS-Inauguracion-del-Corazon-Solidario-en-la-Plaza-Manuel-Belgrano-de-Alvear-Oeste-en-el-marco-del-Dia-Internacional-de-la-Lucha-contra-el-Cancer-Infantil_MG_1724-300x169.jpg\" alt=\"\" width=\"300\" height=\"169\" srcset=\"https:\/\/vinasfm.com\/noticias\/wp-content\/uploads\/2022\/02\/FOTOS-Inauguracion-del-Corazon-Solidario-en-la-Plaza-Manuel-Belgrano-de-Alvear-Oeste-en-el-marco-del-Dia-Internacional-de-la-Lucha-contra-el-Cancer-Infantil_MG_1724-300x169.jpg 300w, https:\/\/vinasfm.com\/noticias\/wp-content\/uploads\/2022\/02\/FOTOS-Inauguracion-del-Corazon-Solidario-en-la-Plaza-Manuel-Belgrano-de-Alvear-Oeste-en-el-marco-del-Dia-Internacional-de-la-Lucha-contra-el-Cancer-Infantil_MG_1724-1024x576.jpg 1024w, https:\/\/vinasfm.com\/noticias\/wp-content\/uploads\/2022\/02\/FOTOS-Inauguracion-del-Corazon-Solidario-en-la-Plaza-Manuel-Belgrano-de-Alvear-Oeste-en-el-marco-del-Dia-Internacional-de-la-Lucha-contra-el-Cancer-Infantil_MG_1724-768x432.jpg 768w, https:\/\/vinasfm.com\/noticias\/wp-content\/uploads\/2022\/02\/FOTOS-Inauguracion-del-Corazon-Solidario-en-la-Plaza-Manuel-Belgrano-de-Alvear-Oeste-en-el-marco-del-Dia-Internacional-de-la-Lucha-contra-el-Cancer-Infantil_MG_1724-1536x864.jpg 1536w, https:\/\/vinasfm.com\/noticias\/wp-content\/uploads\/2022\/02\/FOTOS-Inauguracion-del-Corazon-Solidario-en-la-Plaza-Manuel-Belgrano-de-Alvear-Oeste-en-el-marco-del-Dia-Internacional-de-la-Lucha-contra-el-Cancer-Infantil_MG_1724-750x420.jpg 750w, https:\/\/vinasfm.com\/noticias\/wp-content\/uploads\/2022\/02\/FOTOS-Inauguracion-del-Corazon-Solidario-en-la-Plaza-Manuel-Belgrano-de-Alvear-Oeste-en-el-marco-del-Dia-Internacional-de-la-Lucha-contra-el-Cancer-Infantil_MG_1724-1140x641.jpg 1140w, https:\/\/vinasfm.com\/noticias\/wp-content\/uploads\/2022\/02\/FOTOS-Inauguracion-del-Corazon-Solidario-en-la-Plaza-Manuel-Belgrano-de-Alvear-Oeste-en-el-marco-del-Dia-Internacional-de-la-Lucha-contra-el-Cancer-Infantil_MG_1724.jpg 1920w\" sizes=\"auto, (max-width: 300px) 100vw, 300px\" \/><\/a><p id=\"caption-attachment-105519\" class=\"wp-caption-text\">El coraz\u00f3n solidario est\u00e1 ubicado en la plaza Manuel Belgrano.<\/p><\/div>\n<p><span style=\"color: #000000;\">El <strong>Asesor de Ni\u00f1ez, Adolescencia y Juventud Daniel Quiles<\/strong> manifest\u00f3 la importancia de realizar la inauguraci\u00f3n del Coraz\u00f3n Solidario para juntar tapitas: &#8216;<strong><em>En el marco del D\u00eda Internacional de la Lucha contra el C\u00e1ncer Infantil invito a la sociedad para aportar su granito de arena, a realizar buenas pr\u00e1cticas en el cuidado del medio ambiente y que adem\u00e1s se transforman en recursos para que los ni\u00f1os oncol\u00f3gicos cuenten con los insumos necesarios en su diagn\u00f3stico y tratamiento en el Hospital Pedi\u00e1trico Dr. Humberto Notti. Tambi\u00e9n inauguramos el mural realizado por Sonia Torres dentro del Programa Paredes que hablan, que adem\u00e1s de embellecer la Ciudad brinda un mensaje de concientizaci\u00f3n sobre esta enfermedad que atraviesan algunos ni\u00f1os de la comunidad<\/em><\/strong>&#8216;.<\/span><\/p>\n<p><span style=\"color: #000000;\">Por su parte,<strong> Gisela Bello<\/strong>, de la <strong>Agrupaci\u00f3n Mujeres a Puro Coraz\u00f3n<\/strong>, explic\u00f3 que para quienes atraviesan esta enfermedad es muy simb\u00f3lico este d\u00eda, que se ha creado m\u00e1s que nada para concientizar sobre la lucha y el apoyo a los ni\u00f1os que atraviesan esta enfermedad y a sus familias: &#8216;<strong><em>Saber que una tapita pl\u00e1stica contamina el medio ambiente y si la colocamos en este coraz\u00f3n solidario ayudamos a ni\u00f1os del Hospital Notti, dado que desde all\u00ed se venden las tapitas y se compran los insumos necesarios para los pacientes. Igualmente, existe una Ley Oncopedi\u00e1trica en Mendoza, est\u00e1 reglamentada y est\u00e1 siendo utilizada por los pap\u00e1s que han obtenido sus certificados oncol\u00f3gicos y sus credenciales. Quiero pedir a la sociedad su colaboraci\u00f3n para que salga la Ley Nacional, que tiene media sanci\u00f3n en diputados y en senadores qued\u00f3 trabada. De este modo, se ampliar\u00eda a la ley provincial, que no regula a las obras sociales nacionales, solo a OSEP<\/em><\/strong>&#8216;.<\/span><\/p>\n<p><a href=\"http:\/\/vinasfm.com\/noticias\/wp-content\/uploads\/2022\/02\/FOTOS-Inauguracion-del-Corazon-Solidario-en-la-Plaza-Manuel-Belgrano-de-Alvear-Oeste-en-el-marco-del-Dia-Internacional-de-la-Lucha-contra-el-Cancer-Infantil_MG_1732.jpg\"><img loading=\"lazy\" decoding=\"async\" class=\" wp-image-105518 aligncenter\" src=\"http:\/\/vinasfm.com\/noticias\/wp-content\/uploads\/2022\/02\/FOTOS-Inauguracion-del-Corazon-Solidario-en-la-Plaza-Manuel-Belgrano-de-Alvear-Oeste-en-el-marco-del-Dia-Internacional-de-la-Lucha-contra-el-Cancer-Infantil_MG_1732-300x169.jpg\" alt=\"\" width=\"534\" height=\"301\" srcset=\"https:\/\/vinasfm.com\/noticias\/wp-content\/uploads\/2022\/02\/FOTOS-Inauguracion-del-Corazon-Solidario-en-la-Plaza-Manuel-Belgrano-de-Alvear-Oeste-en-el-marco-del-Dia-Internacional-de-la-Lucha-contra-el-Cancer-Infantil_MG_1732-300x169.jpg 300w, https:\/\/vinasfm.com\/noticias\/wp-content\/uploads\/2022\/02\/FOTOS-Inauguracion-del-Corazon-Solidario-en-la-Plaza-Manuel-Belgrano-de-Alvear-Oeste-en-el-marco-del-Dia-Internacional-de-la-Lucha-contra-el-Cancer-Infantil_MG_1732-1024x576.jpg 1024w, https:\/\/vinasfm.com\/noticias\/wp-content\/uploads\/2022\/02\/FOTOS-Inauguracion-del-Corazon-Solidario-en-la-Plaza-Manuel-Belgrano-de-Alvear-Oeste-en-el-marco-del-Dia-Internacional-de-la-Lucha-contra-el-Cancer-Infantil_MG_1732-768x432.jpg 768w, https:\/\/vinasfm.com\/noticias\/wp-content\/uploads\/2022\/02\/FOTOS-Inauguracion-del-Corazon-Solidario-en-la-Plaza-Manuel-Belgrano-de-Alvear-Oeste-en-el-marco-del-Dia-Internacional-de-la-Lucha-contra-el-Cancer-Infantil_MG_1732-1536x864.jpg 1536w, https:\/\/vinasfm.com\/noticias\/wp-content\/uploads\/2022\/02\/FOTOS-Inauguracion-del-Corazon-Solidario-en-la-Plaza-Manuel-Belgrano-de-Alvear-Oeste-en-el-marco-del-Dia-Internacional-de-la-Lucha-contra-el-Cancer-Infantil_MG_1732-1140x641.jpg 1140w, https:\/\/vinasfm.com\/noticias\/wp-content\/uploads\/2022\/02\/FOTOS-Inauguracion-del-Corazon-Solidario-en-la-Plaza-Manuel-Belgrano-de-Alvear-Oeste-en-el-marco-del-Dia-Internacional-de-la-Lucha-contra-el-Cancer-Infantil_MG_1732.jpg 1920w\" sizes=\"auto, (max-width: 534px) 100vw, 534px\" \/><\/a><\/p>\n<p><span style=\"color: #000000;\">Asimismo, Bello indic\u00f3 &#8216;<strong><em>pedir licencias pagas para los pap\u00e1s, porque pasan muchos meses junto al ni\u00f1o cuid\u00e1ndolo, por lo que no pueden salir a trabajar, dado que necesitan el 100% de tu tiempo a disposici\u00f3n del paciente oncol\u00f3gico, por lo que quedan sin trabajo y sin cobrar sueldo. Esta ley nacional viene a amparar que el empleador contin\u00fae pagando haberes al pap\u00e1, porque necesita mucho dinero con un ni\u00f1o en estas condiciones, m\u00e1s si debe estar meses fuera de casa, como me pas\u00f3 a m\u00ed, que estuve diez meses fuera<\/em><\/strong>&#8216;.<\/span><\/p>\n<p><span style=\"color: #000000;\">&#8216;<strong><em>La Ley Oncopedi\u00e1trica provincial habilita al certificado oncol\u00f3gico, con el que se puede tramitar la credencial, con la que se accede a traslados en colectivo, en ambulancia, ayuda econ\u00f3mica, refacci\u00f3n de la vivienda, reducci\u00f3n de impuestos, ayuda quinesiol\u00f3gica y psicol\u00f3gica<\/em><\/strong>&#8216;, detall\u00f3 Gisela Bello y remarc\u00f3 la importancia de donar sangre y de estar inscripto como donante de m\u00e9dula \u00f3sea, porque muchas veces un familiar no es compatible con el paciente y al buscar en la lista nacional del INCUCAI, muchas veces no hay un donante compatible. <\/span><\/p>\n<p><span style=\"color: #000000;\">&#8216;<strong><em>Para ser donante de m\u00e9dula mediante solo es necesaria una simple muestra de sangre para uno y para los ni\u00f1os oncol\u00f3gicos salvar sus vidas<\/em><\/strong>&#8216;, concluy\u00f3.<\/span><\/p>\n","protected":false},"excerpt":{"rendered":"<p>Este 15 de febrero se conmemor\u00f3 el D\u00eda Internacional del C\u00e1ncer Infantil, para visibilizar, sensibilizar y generar conciencia acerca de esta &#8230;<\/p>\n","protected":false},"author":8,"featured_media":105517,"comment_status":"open","ping_status":"open","sticky":false,"template":"","format":"standard","meta":{"footnotes":""},"categories":[5,10],"tags":[],"class_list":["post-105515","post","type-post","status-publish","format-standard","has-post-thumbnail","hentry","category-actualidad","category-destacadas"],"_links":{"self":[{"href":"https:\/\/vinasfm.com\/noticias\/wp-json\/wp\/v2\/posts\/105515","targetHints":{"allow":["GET"]}}],"collection":[{"href":"https:\/\/vinasfm.com\/noticias\/wp-json\/wp\/v2\/posts"}],"about":[{"href":"https:\/\/vinasfm.com\/noticias\/wp-json\/wp\/v2\/types\/post"}],"author":[{"embeddable":true,"href":"https:\/\/vinasfm.com\/noticias\/wp-json\/wp\/v2\/users\/8"}],"replies":[{"embeddable":true,"href":"https:\/\/vinasfm.com\/noticias\/wp-json\/wp\/v2\/comments?post=105515"}],"version-history":[{"count":3,"href":"https:\/\/vinasfm.com\/noticias\/wp-json\/wp\/v2\/posts\/105515\/revisions"}],"predecessor-version":[{"id":105525,"href":"https:\/\/vinasfm.com\/noticias\/wp-json\/wp\/v2\/posts\/105515\/revisions\/105525"}],"wp:featuredmedia":[{"embeddable":true,"href":"https:\/\/vinasfm.com\/noticias\/wp-json\/wp\/v2\/media\/105517"}],"wp:attachment":[{"href":"https:\/\/vinasfm.com\/noticias\/wp-json\/wp\/v2\/media?parent=105515"}],"wp:term":[{"taxonomy":"category","embeddable":true,"href":"https:\/\/vinasfm.com\/noticias\/wp-json\/wp\/v2\/categories?post=105515"},{"taxonomy":"post_tag","embeddable":true,"href":"https:\/\/vinasfm.com\/noticias\/wp-json\/wp\/v2\/tags?post=105515"}],"curies":[{"name":"wp","href":"https:\/\/api.w.org\/{rel}","templated":true}]}}