{"id":105506,"date":"2022-02-16T18:30:06","date_gmt":"2022-02-16T21:30:06","guid":{"rendered":"http:\/\/vinasfm.com\/noticias\/?p=105506"},"modified":"2022-02-16T18:50:41","modified_gmt":"2022-02-16T21:50:41","slug":"la-odisea-de-los-profesores-que-deben-ensenar-en-punta-del-agua","status":"publish","type":"post","link":"https:\/\/vinasfm.com\/noticias\/la-odisea-de-los-profesores-que-deben-ensenar-en-punta-del-agua\/","title":{"rendered":"LA ODISEA DE LOS PROFESORES QUE DEBEN ENSE\u00d1AR EN PUNTA DEL AGUA"},"content":{"rendered":"<h4><span style=\"color: #000000;\"><strong>Los profesores que van a dar clases a la escuela secundaria de Punta del Agua est\u00e1n buscando un transporte que los lleve ya que no hay servicio de transporte p\u00fablico de pasajeros que coincida con los d\u00edas y el horario escolar.<\/strong><\/span><\/h4>\n<p><span style=\"color: #000000;\">&#8216;<strong><em>Solicitamos informaci\u00f3n de alg\u00fan transporte de tr\u00e1fic que brinde sus servicios para llevar los profesores a Punta del Agua a trabajar. No tenemos movilidad<\/em><\/strong>&#8216;, public\u00f3 Maryela a trav\u00e9s de las redes sociales.<\/span><\/p>\n<p><span style=\"color: #000000;\"><a style=\"color: #000000;\" href=\"http:\/\/vinasfm.com\/noticias\/wp-content\/uploads\/2022\/02\/272960702_353017146681156_4053028474409450075_n-1.png\"><img loading=\"lazy\" decoding=\"async\" class=\" wp-image-105508 alignleft\" src=\"http:\/\/vinasfm.com\/noticias\/wp-content\/uploads\/2022\/02\/272960702_353017146681156_4053028474409450075_n-1-300x145.png\" alt=\"\" width=\"300\" height=\"145\" srcset=\"https:\/\/vinasfm.com\/noticias\/wp-content\/uploads\/2022\/02\/272960702_353017146681156_4053028474409450075_n-1-300x145.png 300w, https:\/\/vinasfm.com\/noticias\/wp-content\/uploads\/2022\/02\/272960702_353017146681156_4053028474409450075_n-1.png 482w\" sizes=\"auto, (max-width: 300px) 100vw, 300px\" \/><\/a>La situaci\u00f3n se repite a\u00f1o tras a\u00f1o y en febrero de 2020 hab\u00edan presentado una nota solicitando ayuda:<\/span><\/p>\n<p><span style=\"color: #000000;\">&#8216;<strong><em>Desde que se dio inicio a la escuela secundaria en el distrito, siempre los docentes nos hemos buscado el medio de llegar hasta el lugar (veh\u00edculos particulares \/ compartiendo transporte \/ contratando trafic particulares, etc.), pero debido a los aumentos, considerables de combustible, y el camino en malas condiciones, este a\u00f1o el costo del mismo es inaccesible para nosotros<\/em><\/strong>&#8216;, reza el comunicado.<\/span><\/p>\n<p><span style=\"color: #000000;\">Lamentablemente es una situaci\u00f3n que se repite a\u00f1o tras a\u00f1o ya que <strong>al no haber un servicio de colectivos diario a Punta del Agua<\/strong> deben llegar en veh\u00edculos particulares, compartiendo transporte o \u2013incluso- contratando este tipo de veh\u00edculos para que los lleven.<\/span><\/p>\n","protected":false},"excerpt":{"rendered":"<p>Los profesores que van a dar clases a la escuela secundaria de Punta del Agua est\u00e1n buscando un transporte que los &#8230;<\/p>\n","protected":false},"author":8,"featured_media":47068,"comment_status":"open","ping_status":"open","sticky":false,"template":"","format":"standard","meta":{"footnotes":""},"categories":[5,18],"tags":[],"class_list":["post-105506","post","type-post","status-publish","format-standard","has-post-thumbnail","hentry","category-actualidad","category-educacion"],"_links":{"self":[{"href":"https:\/\/vinasfm.com\/noticias\/wp-json\/wp\/v2\/posts\/105506","targetHints":{"allow":["GET"]}}],"collection":[{"href":"https:\/\/vinasfm.com\/noticias\/wp-json\/wp\/v2\/posts"}],"about":[{"href":"https:\/\/vinasfm.com\/noticias\/wp-json\/wp\/v2\/types\/post"}],"author":[{"embeddable":true,"href":"https:\/\/vinasfm.com\/noticias\/wp-json\/wp\/v2\/users\/8"}],"replies":[{"embeddable":true,"href":"https:\/\/vinasfm.com\/noticias\/wp-json\/wp\/v2\/comments?post=105506"}],"version-history":[{"count":4,"href":"https:\/\/vinasfm.com\/noticias\/wp-json\/wp\/v2\/posts\/105506\/revisions"}],"predecessor-version":[{"id":105513,"href":"https:\/\/vinasfm.com\/noticias\/wp-json\/wp\/v2\/posts\/105506\/revisions\/105513"}],"wp:featuredmedia":[{"embeddable":true,"href":"https:\/\/vinasfm.com\/noticias\/wp-json\/wp\/v2\/media\/47068"}],"wp:attachment":[{"href":"https:\/\/vinasfm.com\/noticias\/wp-json\/wp\/v2\/media?parent=105506"}],"wp:term":[{"taxonomy":"category","embeddable":true,"href":"https:\/\/vinasfm.com\/noticias\/wp-json\/wp\/v2\/categories?post=105506"},{"taxonomy":"post_tag","embeddable":true,"href":"https:\/\/vinasfm.com\/noticias\/wp-json\/wp\/v2\/tags?post=105506"}],"curies":[{"name":"wp","href":"https:\/\/api.w.org\/{rel}","templated":true}]}}