{"id":105493,"date":"2022-02-16T23:59:31","date_gmt":"2022-02-17T02:59:31","guid":{"rendered":"http:\/\/vinasfm.com\/noticias\/?p=105493"},"modified":"2022-02-17T08:38:36","modified_gmt":"2022-02-17T11:38:36","slug":"padre-e-hijo-detenidos-por-apunalar-a-un-hombre-en-monte-coman","status":"publish","type":"post","link":"https:\/\/vinasfm.com\/noticias\/padre-e-hijo-detenidos-por-apunalar-a-un-hombre-en-monte-coman\/","title":{"rendered":"PADRE E HIJO DETENIDOS POR APU\u00d1ALAR A UN HOMBRE EN MONTE COM\u00c1N"},"content":{"rendered":"<p><span style=\"color: #000000;\"><strong>El pasado lunes padre e hijo fueron detenidos<\/strong> gracias a un allanamiento que llev\u00f3 adelante la <strong>Unidad de Investigaciones<\/strong> <strong>luego de que estos le asestaran <\/strong><\/span><strong style=\"color: #000000;\">una pu\u00f1alada en el abdomen a un hombre de 45 a\u00f1os en Monte Com\u00e1n<\/strong><strong style=\"color: #000000;\"> durante la tarde del domingo<\/strong><span style=\"color: #000000;\">.<\/span><\/p>\n<p><span style=\"color: #000000;\">La agresi\u00f3n ocurri\u00f3 en medio de una <strong>discusi\u00f3n en un bar<\/strong> situado en<strong> calle Asunci\u00f3n del Paraguay (frente a Gendarmer\u00eda)<\/strong>. Uno de los dos, esgrimiendo un arma blanca, le dio una pu\u00f1alada a la v\u00edctima, quien <strong>fue trasladado de urgencia al Hospital Schestakow donde fue sometido a una cirug\u00eda y permanece en estado cr\u00edtico.<\/strong><\/span><\/p>\n<p><span style=\"color: #000000;\">La Justicia orden\u00f3 a la fuerza policial intervenir el<strong> domicilio de los autores ubicado en calle San Luis<\/strong>, en su intersecci\u00f3n con calle Asunci\u00f3n del Paraguay, y<strong> se los aprehendi\u00f3<\/strong>. <strong>Se trata de Luis\u00a0<\/strong><strong>Ponce <\/strong>y su padre<strong> Alberto, <\/strong>los cuales<strong> est\u00e1n detenidos en Comisar\u00eda 64\u00b0.<\/strong><\/span><\/p>\n<p><span style=\"color: #000000;\">En el allanamiento, los uniformados secuestraron <strong>dos pantalones de gimnasia y un cuchillo con mango de asta de ciervo de 15 cent\u00edmetros de hoja<\/strong>.\u00a0<\/span><\/p>\n","protected":false},"excerpt":{"rendered":"<p>El pasado lunes padre e hijo fueron detenidos gracias a un allanamiento que llev\u00f3 adelante la Unidad de Investigaciones luego de &#8230;<\/p>\n","protected":false},"author":8,"featured_media":63002,"comment_status":"open","ping_status":"open","sticky":false,"template":"","format":"standard","meta":{"footnotes":""},"categories":[5,4],"tags":[],"class_list":["post-105493","post","type-post","status-publish","format-standard","has-post-thumbnail","hentry","category-actualidad","category-policiales"],"_links":{"self":[{"href":"https:\/\/vinasfm.com\/noticias\/wp-json\/wp\/v2\/posts\/105493","targetHints":{"allow":["GET"]}}],"collection":[{"href":"https:\/\/vinasfm.com\/noticias\/wp-json\/wp\/v2\/posts"}],"about":[{"href":"https:\/\/vinasfm.com\/noticias\/wp-json\/wp\/v2\/types\/post"}],"author":[{"embeddable":true,"href":"https:\/\/vinasfm.com\/noticias\/wp-json\/wp\/v2\/users\/8"}],"replies":[{"embeddable":true,"href":"https:\/\/vinasfm.com\/noticias\/wp-json\/wp\/v2\/comments?post=105493"}],"version-history":[{"count":4,"href":"https:\/\/vinasfm.com\/noticias\/wp-json\/wp\/v2\/posts\/105493\/revisions"}],"predecessor-version":[{"id":105496,"href":"https:\/\/vinasfm.com\/noticias\/wp-json\/wp\/v2\/posts\/105493\/revisions\/105496"}],"wp:featuredmedia":[{"embeddable":true,"href":"https:\/\/vinasfm.com\/noticias\/wp-json\/wp\/v2\/media\/63002"}],"wp:attachment":[{"href":"https:\/\/vinasfm.com\/noticias\/wp-json\/wp\/v2\/media?parent=105493"}],"wp:term":[{"taxonomy":"category","embeddable":true,"href":"https:\/\/vinasfm.com\/noticias\/wp-json\/wp\/v2\/categories?post=105493"},{"taxonomy":"post_tag","embeddable":true,"href":"https:\/\/vinasfm.com\/noticias\/wp-json\/wp\/v2\/tags?post=105493"}],"curies":[{"name":"wp","href":"https:\/\/api.w.org\/{rel}","templated":true}]}}