{"id":105480,"date":"2022-02-16T19:00:49","date_gmt":"2022-02-16T22:00:49","guid":{"rendered":"http:\/\/vinasfm.com\/noticias\/?p=105480"},"modified":"2022-02-16T19:34:02","modified_gmt":"2022-02-16T22:34:02","slug":"paso-pehuenche-y-ferrocarril-los-temas-que-trato-el-intendente-marcolini-con-el-embajador-bielsa","status":"publish","type":"post","link":"https:\/\/vinasfm.com\/noticias\/paso-pehuenche-y-ferrocarril-los-temas-que-trato-el-intendente-marcolini-con-el-embajador-bielsa\/","title":{"rendered":"PASO PEHUENCHE Y FERROCARRIL, LOS TEMAS QUE TRAT\u00d3 EL INTENDENTE MARCOLINI CON EL EMBAJADOR BIELSA"},"content":{"rendered":"<h4><span style=\"color: #000000;\"><strong>Este martes el Intendente Walther Marcolini visit\u00f3 al Sr. Embajador Dr. Rafael Bielsa en la sede de la Embajada Argentina en Santiago de Chile con el fin de tratar temas de importancia como la apertura del Paso Pehuenche para todo tipo de carga pesada y el ferrocarril.<\/strong><\/span><\/h4>\n<p><span style=\"color: #000000;\">&#8216;<strong><em>Quiero agradecerle al Embajador y su equipo la reuni\u00f3n de trabajo que mantuvimos por el t\u00e9rmino de una hora y media. Analizamos temas estructurales para el desarrollo de nuestra regi\u00f3n y del pa\u00eds. Desde la necesidad de autorizar todo tipo de carga pesada por el Paso Internacional Pehuenche, que beneficiar\u00e1 a nuestras exportaciones pero tambi\u00e9n a todo el comercio de la Regi\u00f3n del Maule y el sur de Mendoza<\/em><\/strong>&#8216;, expres\u00f3 el Jefe Comunal.<\/span><\/p>\n<p><span style=\"color: #000000;\">El tema Portezuelo del Viento tambi\u00e9n fue abordado y el tema ferroviario, que despert\u00f3 especial inter\u00e9s en el Dr. Bielsa y se comprometi\u00f3 a conversarlo con el Presidente de la Naci\u00f3n. &#8216;<strong><em>El tema Cajas de Cr\u00e9dito Cooperativas y la iniciativa de distritos t\u00e9rmicos para lo cual el Embajador recibir\u00e1 a las personas de ONU Ambiente Chile que promueven junto al Centro de Eficiencia energ\u00e9tica de Copenhague la energ\u00eda distrital para el edificio integrado de UGACOOP<\/em><\/strong>&#8216;, subray\u00f3 el mandatario municipal.<\/span><\/p>\n<p><span style=\"color: #000000;\">&#8216;<strong><em>Rescato la amabilidad del Embajador Bielsa y su equipo y la predisposici\u00f3n a trabajar juntos con continuidad por estos temas que trascienden a un gobierno de turno y benefician al pa\u00eds<\/em><\/strong>&#8216;. especific\u00f3 el Intendente.<\/span><\/p>\n","protected":false},"excerpt":{"rendered":"<p>Este martes el Intendente Walther Marcolini visit\u00f3 al Sr. Embajador Dr. Rafael Bielsa en la sede de la Embajada Argentina en &#8230;<\/p>\n","protected":false},"author":8,"featured_media":105481,"comment_status":"open","ping_status":"open","sticky":false,"template":"","format":"standard","meta":{"footnotes":""},"categories":[5,10],"tags":[],"class_list":["post-105480","post","type-post","status-publish","format-standard","has-post-thumbnail","hentry","category-actualidad","category-destacadas"],"_links":{"self":[{"href":"https:\/\/vinasfm.com\/noticias\/wp-json\/wp\/v2\/posts\/105480","targetHints":{"allow":["GET"]}}],"collection":[{"href":"https:\/\/vinasfm.com\/noticias\/wp-json\/wp\/v2\/posts"}],"about":[{"href":"https:\/\/vinasfm.com\/noticias\/wp-json\/wp\/v2\/types\/post"}],"author":[{"embeddable":true,"href":"https:\/\/vinasfm.com\/noticias\/wp-json\/wp\/v2\/users\/8"}],"replies":[{"embeddable":true,"href":"https:\/\/vinasfm.com\/noticias\/wp-json\/wp\/v2\/comments?post=105480"}],"version-history":[{"count":1,"href":"https:\/\/vinasfm.com\/noticias\/wp-json\/wp\/v2\/posts\/105480\/revisions"}],"predecessor-version":[{"id":105482,"href":"https:\/\/vinasfm.com\/noticias\/wp-json\/wp\/v2\/posts\/105480\/revisions\/105482"}],"wp:featuredmedia":[{"embeddable":true,"href":"https:\/\/vinasfm.com\/noticias\/wp-json\/wp\/v2\/media\/105481"}],"wp:attachment":[{"href":"https:\/\/vinasfm.com\/noticias\/wp-json\/wp\/v2\/media?parent=105480"}],"wp:term":[{"taxonomy":"category","embeddable":true,"href":"https:\/\/vinasfm.com\/noticias\/wp-json\/wp\/v2\/categories?post=105480"},{"taxonomy":"post_tag","embeddable":true,"href":"https:\/\/vinasfm.com\/noticias\/wp-json\/wp\/v2\/tags?post=105480"}],"curies":[{"name":"wp","href":"https:\/\/api.w.org\/{rel}","templated":true}]}}