{"id":105476,"date":"2022-02-16T18:00:26","date_gmt":"2022-02-16T21:00:26","guid":{"rendered":"http:\/\/vinasfm.com\/noticias\/?p=105476"},"modified":"2022-02-16T18:50:37","modified_gmt":"2022-02-16T21:50:37","slug":"explicaron-los-motivos-sobre-la-escasa-atencion-en-el-destacamento-de-real-del-padre","status":"publish","type":"post","link":"https:\/\/vinasfm.com\/noticias\/explicaron-los-motivos-sobre-la-escasa-atencion-en-el-destacamento-de-real-del-padre\/","title":{"rendered":"EXPLICARON LOS MOTIVOS SOBRE LA ESCASA ATENCI\u00d3N EN EL DESTACAMENTO DE REAL DEL PADRE"},"content":{"rendered":"<h4><span style=\"color: #000000;\"><strong>Frente al reclamo de los vecinos de Real del Padre, desde la Jefatura Departamental de Polic\u00eda el Subcomisario Jos\u00e9 L\u00f3pez enumer\u00f3 las razones por las que el Destacamento de dicho distrito ha reducido su atenci\u00f3n.<\/strong><\/span><\/h4>\n<div id=\"attachment_105477\" style=\"width: 223px\" class=\"wp-caption alignleft\"><a style=\"color: #000000;\" href=\"http:\/\/vinasfm.com\/noticias\/wp-content\/uploads\/2022\/02\/WhatsApp-Image-2022-02-14-at-09.18.25.jpeg\"><img loading=\"lazy\" decoding=\"async\" aria-describedby=\"caption-attachment-105477\" class=\"wp-image-105477\" src=\"http:\/\/vinasfm.com\/noticias\/wp-content\/uploads\/2022\/02\/WhatsApp-Image-2022-02-14-at-09.18.25-259x300.jpeg\" alt=\"\" width=\"223\" height=\"258\" srcset=\"https:\/\/vinasfm.com\/noticias\/wp-content\/uploads\/2022\/02\/WhatsApp-Image-2022-02-14-at-09.18.25-259x300.jpeg 259w, https:\/\/vinasfm.com\/noticias\/wp-content\/uploads\/2022\/02\/WhatsApp-Image-2022-02-14-at-09.18.25-883x1024.jpeg 883w, https:\/\/vinasfm.com\/noticias\/wp-content\/uploads\/2022\/02\/WhatsApp-Image-2022-02-14-at-09.18.25-768x891.jpeg 768w, https:\/\/vinasfm.com\/noticias\/wp-content\/uploads\/2022\/02\/WhatsApp-Image-2022-02-14-at-09.18.25.jpeg 899w\" sizes=\"auto, (max-width: 223px) 100vw, 223px\" \/><\/a><p id=\"caption-attachment-105477\" class=\"wp-caption-text\"><span style=\"color: #000000;\">Nota pegada en la entrada al destacamento policial.<\/span><\/p><\/div>\n<p><span style=\"color: #000000;\">Hace unos d\u00edas un productor al que le hab\u00edan robado ciruelas <strong>no pudo radicar la denuncia en el destacamento policial de Real del Padre porque estaba cerrado.<\/strong> En las \u00faltimas horas la situaci\u00f3n se volvi\u00f3 a repetir.<\/span><\/p>\n<p><span style=\"color: #000000;\">Los vecinos encontraron el lugar con rejas y con un cartel que dice<em><strong> &#8216;En caso de no encontrarse el personal policial en el destacamento comunicarse al tel\u00e9fono celular 2612098816 o al fijo de la Comisar\u00eda 26 (Villa Atuel)&#8217;.<\/strong><\/em><\/span><\/p>\n<p><span style=\"color: #000000;\">Consultado por <strong>F.M. VI\u00d1AS <\/strong>sobre la situaci\u00f3n en Real del Padre, el <strong>Subcomisario Jos\u00e9 L\u00f3pez<\/strong> explic\u00f3: <em><strong>&#8216;Lo que pasa es que hay partes de enfermos con el tema del Covid-19 y los efectivos se han tenido que retirar por otros motivos y licencias normales ha hecho que el personal no haya podido estar&#8217;<\/strong><\/em>.\u00a0<\/span><\/p>\n<p><span style=\"color: #000000;\">Respecto a los reclamos de los vecinos, L\u00f3pez se\u00f1al\u00f3:<em><strong> &#8216;Hay un tel\u00e9fono para que la gente llame, siempre pedimos que llamen al 911, que todos ser\u00e1n atendidos. Se han pedido los refuerzos y el personal est\u00e1 complicado y estamos trabajando para poder mejorar la situaci\u00f3n&#8217;.<\/strong><\/em><\/span><\/p>\n","protected":false},"excerpt":{"rendered":"<p>Frente al reclamo de los vecinos de Real del Padre, desde la Jefatura Departamental de Polic\u00eda el Subcomisario Jos\u00e9 L\u00f3pez enumer\u00f3 &#8230;<\/p>\n","protected":false},"author":7,"featured_media":105489,"comment_status":"open","ping_status":"open","sticky":false,"template":"","format":"standard","meta":{"footnotes":""},"categories":[5,4],"tags":[],"class_list":["post-105476","post","type-post","status-publish","format-standard","has-post-thumbnail","hentry","category-actualidad","category-policiales"],"_links":{"self":[{"href":"https:\/\/vinasfm.com\/noticias\/wp-json\/wp\/v2\/posts\/105476","targetHints":{"allow":["GET"]}}],"collection":[{"href":"https:\/\/vinasfm.com\/noticias\/wp-json\/wp\/v2\/posts"}],"about":[{"href":"https:\/\/vinasfm.com\/noticias\/wp-json\/wp\/v2\/types\/post"}],"author":[{"embeddable":true,"href":"https:\/\/vinasfm.com\/noticias\/wp-json\/wp\/v2\/users\/7"}],"replies":[{"embeddable":true,"href":"https:\/\/vinasfm.com\/noticias\/wp-json\/wp\/v2\/comments?post=105476"}],"version-history":[{"count":4,"href":"https:\/\/vinasfm.com\/noticias\/wp-json\/wp\/v2\/posts\/105476\/revisions"}],"predecessor-version":[{"id":105491,"href":"https:\/\/vinasfm.com\/noticias\/wp-json\/wp\/v2\/posts\/105476\/revisions\/105491"}],"wp:featuredmedia":[{"embeddable":true,"href":"https:\/\/vinasfm.com\/noticias\/wp-json\/wp\/v2\/media\/105489"}],"wp:attachment":[{"href":"https:\/\/vinasfm.com\/noticias\/wp-json\/wp\/v2\/media?parent=105476"}],"wp:term":[{"taxonomy":"category","embeddable":true,"href":"https:\/\/vinasfm.com\/noticias\/wp-json\/wp\/v2\/categories?post=105476"},{"taxonomy":"post_tag","embeddable":true,"href":"https:\/\/vinasfm.com\/noticias\/wp-json\/wp\/v2\/tags?post=105476"}],"curies":[{"name":"wp","href":"https:\/\/api.w.org\/{rel}","templated":true}]}}