{"id":105449,"date":"2022-02-16T10:00:39","date_gmt":"2022-02-16T13:00:39","guid":{"rendered":"http:\/\/vinasfm.com\/noticias\/?p=105449"},"modified":"2022-02-16T18:45:10","modified_gmt":"2022-02-16T21:45:10","slug":"mas-de-200-alvearenses-participaron-de-los-operativos-de-atencion-movil-de-anses","status":"publish","type":"post","link":"https:\/\/vinasfm.com\/noticias\/mas-de-200-alvearenses-participaron-de-los-operativos-de-atencion-movil-de-anses\/","title":{"rendered":"M\u00c1S DE 200 ALVEARENSES PARTICIPARON DE LOS OPERATIVOS DE ATENCI\u00d3N M\u00d3VIL DE ANSES"},"content":{"rendered":"<h4><span style=\"color: #000000;\"><strong>La Oficina de ANSES en General Alvear comenz\u00f3 a trabajar en distintos puntos del departamento realizando operativos de atenci\u00f3n m\u00f3vil a los que en la \u00faltima semana accedieron m\u00e1s de 200 beneficiarios.<\/strong><\/span><\/h4>\n<p><span style=\"color: #000000;\">Al respecto se refiri\u00f3 en di\u00e1logo con <strong>F.M. Vi\u00f1as<\/strong> la <strong>Jefa de Anses en Alvear, Myrna Osorio<\/strong>:<em><strong> &#8216;La oficina nos permite trasladarnos con total comodidad porque tiene toda la infraestructura tecnol\u00f3gica necesaria para poder realizar la mayor\u00eda de los tr\u00e1mites por lo que aprovechamos y estuvimos recorriendo distintos puntos del departamento&#8217;<\/strong><\/em>. <\/span><\/p>\n<p><span style=\"color: #000000;\">Cabe destacar que en las oficinas m\u00f3viles se pueden realizar consultas sobre cr\u00e9ditos y asignaciones, cargas de nacimientos, solicitud de turnos, tr\u00e1mites de desempleo entre otros tr\u00e1mites y gestiones.<\/span><\/p>\n<p><span style=\"color: #000000;\">En este sentido, la titular del organismo resalt\u00f3 que la semana pasada<em><strong> &#8216;m\u00e1s de 200 personas se fueron acercando para realizar diferentes tr\u00e1mites. Hay personas a las que les informamos ah\u00ed que ten\u00edan acordado una pensi\u00f3n, una jubilaci\u00f3n o un tr\u00e1mite que tenia pendiente&#8217;.<\/strong><\/em><\/span><\/p>\n<p><span style=\"color: #000000;\">Muchas de estas gestiones se pueden realizar a trav\u00e9s de las plataformas digitales sin tener que concurrir presencialmente a las oficinas. &#8216;<strong><em>Est\u00e1 facilidad de acceso para las personas mayores se dificulta pero as\u00ed mismo se alienta el acercamiento a las oficinas para tener mejor panorama<\/em><\/strong>&#8216;, concluy\u00f3 Osorio. <\/span><\/p>\n","protected":false},"excerpt":{"rendered":"<p>La Oficina de ANSES en General Alvear comenz\u00f3 a trabajar en distintos puntos del departamento realizando operativos de atenci\u00f3n m\u00f3vil a &#8230;<\/p>\n","protected":false},"author":7,"featured_media":32463,"comment_status":"open","ping_status":"open","sticky":false,"template":"","format":"standard","meta":{"footnotes":""},"categories":[5,50],"tags":[],"class_list":["post-105449","post","type-post","status-publish","format-standard","has-post-thumbnail","hentry","category-actualidad","category-anses"],"_links":{"self":[{"href":"https:\/\/vinasfm.com\/noticias\/wp-json\/wp\/v2\/posts\/105449","targetHints":{"allow":["GET"]}}],"collection":[{"href":"https:\/\/vinasfm.com\/noticias\/wp-json\/wp\/v2\/posts"}],"about":[{"href":"https:\/\/vinasfm.com\/noticias\/wp-json\/wp\/v2\/types\/post"}],"author":[{"embeddable":true,"href":"https:\/\/vinasfm.com\/noticias\/wp-json\/wp\/v2\/users\/7"}],"replies":[{"embeddable":true,"href":"https:\/\/vinasfm.com\/noticias\/wp-json\/wp\/v2\/comments?post=105449"}],"version-history":[{"count":6,"href":"https:\/\/vinasfm.com\/noticias\/wp-json\/wp\/v2\/posts\/105449\/revisions"}],"predecessor-version":[{"id":105486,"href":"https:\/\/vinasfm.com\/noticias\/wp-json\/wp\/v2\/posts\/105449\/revisions\/105486"}],"wp:featuredmedia":[{"embeddable":true,"href":"https:\/\/vinasfm.com\/noticias\/wp-json\/wp\/v2\/media\/32463"}],"wp:attachment":[{"href":"https:\/\/vinasfm.com\/noticias\/wp-json\/wp\/v2\/media?parent=105449"}],"wp:term":[{"taxonomy":"category","embeddable":true,"href":"https:\/\/vinasfm.com\/noticias\/wp-json\/wp\/v2\/categories?post=105449"},{"taxonomy":"post_tag","embeddable":true,"href":"https:\/\/vinasfm.com\/noticias\/wp-json\/wp\/v2\/tags?post=105449"}],"curies":[{"name":"wp","href":"https:\/\/api.w.org\/{rel}","templated":true}]}}