{"id":105428,"date":"2022-02-14T23:59:52","date_gmt":"2022-02-15T02:59:52","guid":{"rendered":"http:\/\/vinasfm.com\/noticias\/?p=105428"},"modified":"2022-02-15T20:48:30","modified_gmt":"2022-02-15T23:48:30","slug":"ajedrez-el-club-banco-fue-sede-de-un-nuevo-torneo-de-verano","status":"publish","type":"post","link":"https:\/\/vinasfm.com\/noticias\/ajedrez-el-club-banco-fue-sede-de-un-nuevo-torneo-de-verano\/","title":{"rendered":"AJEDREZ: EL CLUB BANCO FUE SEDE DE UN NUEVO TORNEO DE VERANO"},"content":{"rendered":"<h4><span style=\"color: #000000;\"><strong>Entre s\u00e1bado 12 y domingo 13 se disput\u00f3 el torneo \u201cVerano en el Club\u00a0 Banco\u201d, encuentro ajedrec\u00edstico que puso broche de oro a los tradicionales torneos de verano del Club Banco Naci\u00f3n, con fuertes exponentes de la regi\u00f3n.<\/strong><\/span><\/h4>\n<p><span style=\"color: #000000;\">\u201c<strong><em>Estamos muy contentos, este verano ha sido un \u00e9xito el ciclo de torneos y en este caso nos gusta mucho que venga gente de otras ciudades y disfruten de nuestras instalaciones, porque trabajamos para que se sientan c\u00f3modos<\/em><\/strong>\u201d, a\u00f1adi\u00f3 el Vicepresidente de la Instituci\u00f3n, Pedro Honorato, que cont\u00f3, adem\u00e1s, que durante el a\u00f1o continuar\u00e1 el deporte siendo protagonista del lugar, y que uno de los proyectos para el 2022 es la renovaci\u00f3n del piso de las canchas de Paddle.<\/span><\/p>\n<p><span style=\"color: #000000;\">Fueron 2 torneos que se realizaron paralelamente, por un lado el INFANTIL, para chicos de edad escolar Primaria y por otro el Juvenil, para j\u00f3venes de Secundaria.<\/span><\/p>\n<h4><span style=\"color: #000000;\"><strong>Torneo Infantil:<\/strong><\/span><\/h4>\n<p><span style=\"color: #000000;\">En un torneo que demostr\u00f3 un nivel parejo, el Alvearense Mateo Salas demostr\u00f3 una vez m\u00e1s en su corta carrera que tiene un gran futuro y se coron\u00f3 Campe\u00f3n invicto, con 6 victorias y un empate, en 7 partidas.<\/span><\/p>\n<p><span style=\"color: #000000;\">En 2\u00ba puesto finaliz\u00f3 Santino Ledesma, uno de los fuertes jugadores que lleg\u00f3 al departamento, desde Uni\u00f3n, San Luis, y que punte\u00f3 junto a Salas, gran parte del torneo.<\/span><\/p>\n<p><span style=\"color: #000000;\">Complet\u00f3 el Podio Santiago Kovich, otro de los Alvearenses del que se espera sea parte de la renovaci\u00f3n del semillero.<\/span><\/p>\n<h4><span style=\"color: #000000;\"><strong>Adem\u00e1s, se distingui\u00f3 a los mejores de cada categor\u00eda:<\/strong><\/span><\/h4>\n<p><span style=\"color: #000000;\"><strong>Categor\u00eda Sub 8:<\/strong><\/span><\/p>\n<p><span style=\"color: #000000;\"><strong>1\u00ba <\/strong>Gino Dom\u00ednguez (San Rafael)<\/span><\/p>\n<p><span style=\"color: #000000;\"><strong>2\u00ba <\/strong>Benjam\u00edn Evans (San Rafael)<\/span><\/p>\n<p><span style=\"color: #000000;\"><strong>3\u00ba <\/strong>ThiagoYllanes(Gral. Alvear)<\/span><\/p>\n<p><span style=\"color: #000000;\"><strong>Categor\u00eda Sub 10:<\/strong><\/span><\/p>\n<p><span style=\"color: #000000;\"><strong>1\u00ba <\/strong>Joaqu\u00edn Jasen (San Rafael)<\/span><\/p>\n<p><span style=\"color: #000000;\"><strong>2\u00ba <\/strong>Lautaro Medina (Gral. Alvear)<\/span><\/p>\n<p><span style=\"color: #000000;\"><strong>3\u00ba <\/strong>Benjam\u00edn Mart\u00ednez (Gral. Alvear)<\/span><\/p>\n<p><span style=\"color: #000000;\"><strong>Categor\u00eda Sub 12:<\/strong><\/span><\/p>\n<p><span style=\"color: #000000;\"><strong>1\u00ba <\/strong>Giuliano Borges (San Rafael)<\/span><\/p>\n<p><span style=\"color: #000000;\"><strong>2\u00ba <\/strong>Victoria Mansilla (Gral. Alvear)<\/span><\/p>\n<p><span style=\"color: #000000;\"><strong>3\u00ba <\/strong>Tom\u00e1s Baquero (Gral. Alvear)<\/span><\/p>\n<p><span style=\"color: #000000;\"><strong>Mejor Dama: <\/strong>Ana Victoria Lieby (Gral. Alvear)<\/span><\/p>\n<h4><span style=\"color: #000000;\"><strong>Torneo Juvenil:<\/strong><\/span><\/h4>\n<p><span style=\"color: #000000;\">La competencia fue verdaderamente pareja y reci\u00e9n se defini\u00f3 en la \u00faltima ronda, con varios candidatos luchando hasta el final.<\/span><\/p>\n<p><span style=\"color: #000000;\">Campeona del certamen, fue la Alvearense Roc\u00edo Barros, de gran presente, con 5,5 puntos, sobre 7 posibles.<\/span><\/p>\n<p><span style=\"color: #000000;\">En 2\u00ba lugar finaliz\u00f3 la revelaci\u00f3n del torneo, el Sanrafaelino Caleb Vega, con 5 unidades.<\/span><\/p>\n<p><span style=\"color: #000000;\">Complet\u00f3 el Podio, el Alvearense Juan Sebasti\u00e1n Lieby, tambi\u00e9n con 5 puntos.<\/span><\/p>\n<h4><span style=\"color: #000000;\"><strong>Adem\u00e1s, se distingui\u00f3 a los mejores de cada categor\u00eda:<\/strong><\/span><\/h4>\n<p><span style=\"color: #000000;\"><strong>Categor\u00eda Sub 14:<\/strong><\/span><\/p>\n<p><span style=\"color: #000000;\"><strong>1\u00ba <\/strong>Juan Cruz Ledesma (Uni\u00f3n \u2013 San Luis)<\/span><\/p>\n<p><span style=\"color: #000000;\"><strong>2\u00ba <\/strong>\u00c1ngel Kapluk (Gral. Alvear)<\/span><\/p>\n<p><span style=\"color: #000000;\"><strong>3\u00ba <\/strong>Ignacio Torres (Gral. Alvear)<\/span><\/p>\n<p><span style=\"color: #000000;\"><strong>Categor\u00eda Sub 16:<\/strong><\/span><\/p>\n<p><span style=\"color: #000000;\"><strong>1\u00ba <\/strong>Santiago S\u00e1nchez (Gral. Alvear)<\/span><\/p>\n<p><span style=\"color: #000000;\"><strong>2\u00ba <\/strong>Camilo Lieby (Gral. Alvear)<\/span><\/p>\n<p><span style=\"color: #000000;\"><strong>3\u00ba <\/strong>Demian Mart\u00ednez (San Rafael)<\/span><\/p>\n<p><span style=\"color: #000000;\"><strong>Categor\u00eda Sub 18:<\/strong><\/span><\/p>\n<p><span style=\"color: #000000;\"><strong>1\u00ba <\/strong>Marcos Martos (Gral. Alvear)<\/span><\/p>\n<p><span style=\"color: #000000;\"><strong>2\u00ba <\/strong>Emiliano Matus (Gral. Alvear)<\/span><\/p>\n<p><span style=\"color: #000000;\"><strong>3\u00ba <\/strong>El\u00edas Matus (Gral. Alvear)<\/span><\/p>\n<p><span style=\"color: #000000;\"><strong>Mejor Dama: <\/strong>Abril Lucero (Gral. Alvear)<\/span><\/p>\n<p><span style=\"color: #000000;\">El torneo fue organizado en conjunto entre el Club Banco Naci\u00f3n y la Agrupaci\u00f3n Alvearense de Ajedrez, con el respaldo de la Federaci\u00f3n Mendocina de Ajedrez.<\/span><\/p>\n<p><span style=\"color: #000000;\">El arbitraje estuvo a cargo del Profesor Sebasti\u00e1n Lieby, con la fiscalizaci\u00f3n de las j\u00f3venes locales, Camila y Abril Delsart.<\/span><\/p>\n","protected":false},"excerpt":{"rendered":"<p>Entre s\u00e1bado 12 y domingo 13 se disput\u00f3 el torneo \u201cVerano en el Club\u00a0 Banco\u201d, encuentro ajedrec\u00edstico que puso broche de &#8230;<\/p>\n","protected":false},"author":8,"featured_media":105429,"comment_status":"open","ping_status":"open","sticky":false,"template":"","format":"standard","meta":{"footnotes":""},"categories":[5,3],"tags":[],"class_list":["post-105428","post","type-post","status-publish","format-standard","has-post-thumbnail","hentry","category-actualidad","category-deportes"],"_links":{"self":[{"href":"https:\/\/vinasfm.com\/noticias\/wp-json\/wp\/v2\/posts\/105428","targetHints":{"allow":["GET"]}}],"collection":[{"href":"https:\/\/vinasfm.com\/noticias\/wp-json\/wp\/v2\/posts"}],"about":[{"href":"https:\/\/vinasfm.com\/noticias\/wp-json\/wp\/v2\/types\/post"}],"author":[{"embeddable":true,"href":"https:\/\/vinasfm.com\/noticias\/wp-json\/wp\/v2\/users\/8"}],"replies":[{"embeddable":true,"href":"https:\/\/vinasfm.com\/noticias\/wp-json\/wp\/v2\/comments?post=105428"}],"version-history":[{"count":2,"href":"https:\/\/vinasfm.com\/noticias\/wp-json\/wp\/v2\/posts\/105428\/revisions"}],"predecessor-version":[{"id":105460,"href":"https:\/\/vinasfm.com\/noticias\/wp-json\/wp\/v2\/posts\/105428\/revisions\/105460"}],"wp:featuredmedia":[{"embeddable":true,"href":"https:\/\/vinasfm.com\/noticias\/wp-json\/wp\/v2\/media\/105429"}],"wp:attachment":[{"href":"https:\/\/vinasfm.com\/noticias\/wp-json\/wp\/v2\/media?parent=105428"}],"wp:term":[{"taxonomy":"category","embeddable":true,"href":"https:\/\/vinasfm.com\/noticias\/wp-json\/wp\/v2\/categories?post=105428"},{"taxonomy":"post_tag","embeddable":true,"href":"https:\/\/vinasfm.com\/noticias\/wp-json\/wp\/v2\/tags?post=105428"}],"curies":[{"name":"wp","href":"https:\/\/api.w.org\/{rel}","templated":true}]}}