{"id":105399,"date":"2022-02-16T12:00:00","date_gmt":"2022-02-16T15:00:00","guid":{"rendered":"http:\/\/vinasfm.com\/noticias\/?p=105399"},"modified":"2022-02-17T19:02:53","modified_gmt":"2022-02-17T22:02:53","slug":"con-el-plan-de-asfaltos-2022-se-repavimentaran-80-cuadras-en-distintos-puntos-del-departamento","status":"publish","type":"post","link":"https:\/\/vinasfm.com\/noticias\/con-el-plan-de-asfaltos-2022-se-repavimentaran-80-cuadras-en-distintos-puntos-del-departamento\/","title":{"rendered":"CON EL PLAN DE ASFALTOS 2022 SE REPAVIMENTAR\u00c1N 80 CUADRAS EN DISTINTOS PUNTOS DEL DEPARTAMENTO"},"content":{"rendered":"<h4><strong><span style=\"color: #000000;\">Con una inversi\u00f3n de aproximadamente $240 millones, la Municipalidad de General Alvear proyect\u00f3 la recuperaci\u00f3n asf\u00e1ltica de unas 80 cuadras en distintos puntos del departamento. Desde la Secretaria de Obras y Servicios P\u00fablicos brindaron detalles sobre las intervenciones y la financiaci\u00f3n para lograr el ambicioso plan.<\/span><\/strong><\/h4>\n<p><span style=\"color: #000000;\">El <strong>Secretario de Obras y Servicios P\u00fablicos Jorge P\u00e9rez<\/strong> explic\u00f3 en di\u00e1logo con<strong> F.M. Vi\u00f1as<\/strong> que &#8216;<strong><em>todo comienza con un ambicioso relevamiento que hicimos en base a las necesidades que ten\u00eda el departamento en general tanto ciudad como distritos y de esa manera nos encontramos que ten\u00edamos un gran n\u00famero de situaciones para solucionar y antes esta situaci\u00f3n el se\u00f1or intendente nos pidi\u00f3 hacer un trabajo importante en cuanto a algunos programas de infraestructura municipal y tambi\u00e9n plantear esto ante el Concejo Deliberante<\/em><\/strong>&#8216;.<\/span><\/p>\n<p><span style=\"color: #000000;\">Respecto a la reuni\u00f3n con los ediles de distintos bloques, P\u00e9rez resalt\u00f3 la amabilidad de todos al escuchar y dar distintas opiniones &#8216;<strong><em>para poder llegar un buen consenso que es el del endeudamiento sin olvidarnos que la idea es llegar con el plan de asfalto a ciudad y a los distritos para brindar una mejor calidad de vida a cada integrante del departamento<\/em><\/strong>&#8216;.<\/span><\/p>\n<p><span style=\"color: #000000;\">Consultado sobre el financiamiento del plan de asfaltos 2022, el funcionario indic\u00f3: &#8216;<strong><em>La idea original es que la primera parte se concrete mediante un endeudamiento de $112 millones al que se le suma el subsidio que conseguimos de la provincia por $40 millones<\/em><\/strong>&#8216;.<\/span><\/p>\n<p><span style=\"color: #000000;\">En este sentido record\u00f3 que &#8216;<strong><em>se hab\u00edan hecho algunas charlas preliminares donde los concejales de la oposici\u00f3n ten\u00edan ideas y planteos de algunas calles afectadas que nosotros incluimos en el listado general<\/em><\/strong>&#8216;<\/span><\/p>\n<p><span style=\"color: #000000;\">Sobre algunas <strong>calles que no est\u00e1n incluidas en la lista del proyecto<\/strong>, se\u00f1al\u00f3 que se debe, en muchos casos, a que aun no cuentan con la extensi\u00f3n de red cloacal por lo que <strong>con Aysam acordaron que ellos trabajen antes y a posterior se asfaltar\u00e1n<\/strong>.<\/span><\/p>\n<h4 style=\"text-align: center;\"><span style=\"color: #000000;\"><strong>UBICACI\u00d3N DE OBRAS PROPUESTAS EN PAVIMENTO ASFALTICO<\/strong><\/span><\/h4>\n<p><span style=\"color: #000000;\"><strong>Calles pavimentadas deterioradas, a repavimentar con carpeta asf\u00e1ltica de 4 cm.<\/strong><\/span><\/p>\n<p><span style=\"color: #000000;\"><strong>1) CALLE M. ARTOLA<\/strong><\/span><\/p>\n<p><span style=\"color: #000000;\"><strong>2) CALLE CHACABUCO<\/strong><\/span><\/p>\n<p><span style=\"color: #000000;\"><strong>3) AV. ROQUE SAENZ PE\u00d1A<\/strong><\/span><\/p>\n<p><span style=\"color: #000000;\"><strong>4) CALLE SAN JUAN<\/strong><\/span><\/p>\n<p><span style=\"color: #000000;\"><strong>Calles no pavimentadas, a pavimentar con carpeta asf\u00e1ltica de 4 cm<\/strong><\/span><\/p>\n<p><span style=\"color: #000000;\"><strong>5) CALLE ALEM NORTE<\/strong><\/span><\/p>\n<p><span style=\"color: #000000;\"><strong>6) CALLE R\u00cdO TUNUY\u00c1N\u00a0<\/strong><\/span><\/p>\n<p><span style=\"color: #000000;\"><strong>7) CALLE R\u00cdO MENDOZA\u00a0<\/strong><\/span><\/p>\n<p><span style=\"color: #000000;\"><strong>8) CALLE R\u00cdO GRANDE\u00a0<\/strong><\/span><\/p>\n<p><span style=\"color: #000000;\"><strong>9) CALLE R\u00cdO DIAMANTE\u00a0<\/strong><\/span><\/p>\n<p><span style=\"color: #000000;\"><strong>10) CALLE R\u00cdO MALARGUE<\/strong><\/span><\/p>\n<p><span style=\"color: #000000;\"><strong>11) CALLE R\u00cdO ATUEL\u00a0<\/strong><\/span><\/p>\n<p><span style=\"color: #000000;\"><strong>12) CALLE ALBOX\u00a0<\/strong><\/span><\/p>\n<p><span style=\"color: #000000;\"><strong>13) PLAYA POLIDEPORTIVO MUNICIPAL<\/strong><\/span><\/p>\n<p><span style=\"color: #000000;\"><strong>14) CALLE H. IRIGOYEN \u2013 SAN PEDRO DEL ATUEL<\/strong><\/span><\/p>\n<p><span style=\"color: #000000;\"><strong>15) CALLE M. ARDUINO \u2013 SAN PEDRO DEL ATUEL<\/strong><\/span><\/p>\n<p><span style=\"color: #000000;\"><strong>16) CALLE SAN LUIS \u2013 SAN PEDRO DEL ATUEL<\/strong><\/span><\/p>\n<p><span style=\"color: #000000;\"><strong>17) CALLE MENDOZA \u2013 SAN PEDRO DEL ATUEL<\/strong><\/span><\/p>\n<p><span style=\"color: #000000;\"><strong>18) CALLE PUBLICA \u2013 SAN PEDRO DEL ATUEL<\/strong><\/span><\/p>\n<p><span style=\"color: #000000;\"><strong>19) DIAGONAL PEDRO CHRISTOPHERSEN \u2013 BOWEN<\/strong><\/span><\/p>\n<p><span style=\"color: #000000;\"><strong>20) CALLE SAN MARTIN\u2013 BOWEN<\/strong><\/span><\/p>\n<p><span style=\"color: #000000;\"><strong>21) CALLE BELGRANO\u2013 BOWEN<\/strong><\/span><\/p>\n<p><span style=\"color: #000000;\"><strong>22) CALLE MITRE<\/strong><\/span><\/p>\n<p><span style=\"color: #000000;\"><strong>23) CALLE EDGARDO ALONSO<\/strong><\/span><\/p>\n<p><span style=\"color: #000000;\"><strong>24) CALLE ZEBALLOS<\/strong><\/span><\/p>\n<p><span style=\"color: #000000;\"><strong>25) CALLE MART\u00cdN DE IRIGOYEN\u00a0<\/strong><\/span><\/p>\n<p><span style=\"color: #000000;\"><strong>26) CALLE PEDRO MOLINA<\/strong><\/span><\/p>\n<p><span style=\"color: #000000;\"><strong>27) CALLE SARMIENTO<\/strong><\/span><\/p>\n<p><span style=\"color: #000000;\"><strong>28) CALLE CHAPERROUGE<\/strong><\/span><\/p>\n<p><span style=\"color: #000000;\"><strong>29) CALLE ARIST\u00d3BULO DEL VALLE<\/strong><\/span><\/p>\n<p><span style=\"color: #000000;\"><strong>30) CALLE JOS\u00c9 INGENIEROS<\/strong><\/span><\/p>\n<p><span style=\"color: #000000;\"><strong>31) CALLEJ\u00d3N PORTERO<\/strong><\/span><\/p>\n<p><span style=\"color: #000000;\"><strong>32) CALLEJ\u00d3N BELGRANO<\/strong><\/span><\/p>\n","protected":false},"excerpt":{"rendered":"<p>Con una inversi\u00f3n de aproximadamente $240 millones, la Municipalidad de General Alvear proyect\u00f3 la recuperaci\u00f3n asf\u00e1ltica de unas 80 cuadras en &#8230;<\/p>\n","protected":false},"author":8,"featured_media":77536,"comment_status":"open","ping_status":"open","sticky":false,"template":"","format":"standard","meta":{"footnotes":""},"categories":[5,29],"tags":[],"class_list":["post-105399","post","type-post","status-publish","format-standard","has-post-thumbnail","hentry","category-actualidad","category-obras-y-servicios"],"_links":{"self":[{"href":"https:\/\/vinasfm.com\/noticias\/wp-json\/wp\/v2\/posts\/105399","targetHints":{"allow":["GET"]}}],"collection":[{"href":"https:\/\/vinasfm.com\/noticias\/wp-json\/wp\/v2\/posts"}],"about":[{"href":"https:\/\/vinasfm.com\/noticias\/wp-json\/wp\/v2\/types\/post"}],"author":[{"embeddable":true,"href":"https:\/\/vinasfm.com\/noticias\/wp-json\/wp\/v2\/users\/8"}],"replies":[{"embeddable":true,"href":"https:\/\/vinasfm.com\/noticias\/wp-json\/wp\/v2\/comments?post=105399"}],"version-history":[{"count":8,"href":"https:\/\/vinasfm.com\/noticias\/wp-json\/wp\/v2\/posts\/105399\/revisions"}],"predecessor-version":[{"id":105553,"href":"https:\/\/vinasfm.com\/noticias\/wp-json\/wp\/v2\/posts\/105399\/revisions\/105553"}],"wp:featuredmedia":[{"embeddable":true,"href":"https:\/\/vinasfm.com\/noticias\/wp-json\/wp\/v2\/media\/77536"}],"wp:attachment":[{"href":"https:\/\/vinasfm.com\/noticias\/wp-json\/wp\/v2\/media?parent=105399"}],"wp:term":[{"taxonomy":"category","embeddable":true,"href":"https:\/\/vinasfm.com\/noticias\/wp-json\/wp\/v2\/categories?post=105399"},{"taxonomy":"post_tag","embeddable":true,"href":"https:\/\/vinasfm.com\/noticias\/wp-json\/wp\/v2\/tags?post=105399"}],"curies":[{"name":"wp","href":"https:\/\/api.w.org\/{rel}","templated":true}]}}