{"id":105396,"date":"2022-03-08T09:30:00","date_gmt":"2022-03-08T12:30:00","guid":{"rendered":"http:\/\/vinasfm.com\/noticias\/?p=105396"},"modified":"2022-03-08T10:47:22","modified_gmt":"2022-03-08T13:47:22","slug":"todo-listo-para-vivir-la-22-vuelta-ciclistica-de-general-alvear","status":"publish","type":"post","link":"https:\/\/vinasfm.com\/noticias\/todo-listo-para-vivir-la-22-vuelta-ciclistica-de-general-alvear\/","title":{"rendered":"TODO LISTO PARA VIVIR LA 22\u00b0 VUELTA CICL\u00cdSTICA DE GENERAL ALVEAR"},"content":{"rendered":"<h4><span style=\"color: #000000;\"><strong>Los d\u00edas 30, 31 de marzo, 1, 2 y 3 de abril las calles alvearenses se vestir\u00e1n de colores ya que se correr\u00e1 la 22\u00b0 Edici\u00f3n de la Vuelta Cicl\u00edstica de General Alvear.<\/strong><\/span><\/h4>\n<p><span style=\"color: #000000;\">El <strong>Director de Deportes Jer\u00f3nimo Colla<\/strong> destac\u00f3 en di\u00e1logo con <strong>F.M. Vi\u00f1as<\/strong> que &#8216;<strong><em>el evento deportivo que se realizar\u00e1 en homenaje a los ca\u00eddos y veteranos de la Guerra de Malvinas<\/em><\/strong>&#8216; y resalt\u00f3 que &#8216;<strong><em>la Vuelta Cicl\u00edstica traer\u00e1 visitantes de distintos puntos de la provincia<\/em><\/strong>&#8216;.<\/span><\/p>\n<p><span style=\"color: #000000;\">Por otra parte, el <strong>Presidente de la Asociaci\u00f3n Alvearense de Ciclismo Miguel L\u00f3pez<\/strong> explic\u00f3: &#8216;<strong><em>Luego de varios d\u00edas de arduo trabajo en conjunto con la Municipalidad le dimos forma a este evento en el que participar\u00e1n m\u00e1s de 100 ciclistas<\/em><\/strong>&#8216;.<\/span><\/p>\n<p><span style=\"color: #000000;\">Asimismo, manifest\u00f3 que &#8216;<strong><em>las expectativas son grandes y se est\u00e1 trabajando en que se realice de la mejor forma posible para que sea una edici\u00f3n exitosa<\/em><\/strong>&#8216;.<\/span><\/p>\n","protected":false},"excerpt":{"rendered":"<p>Los d\u00edas 30, 31 de marzo, 1, 2 y 3 de abril las calles alvearenses se vestir\u00e1n de colores ya que &#8230;<\/p>\n","protected":false},"author":8,"featured_media":9261,"comment_status":"open","ping_status":"open","sticky":false,"template":"","format":"standard","meta":{"footnotes":""},"categories":[5,3],"tags":[],"class_list":["post-105396","post","type-post","status-publish","format-standard","has-post-thumbnail","hentry","category-actualidad","category-deportes"],"_links":{"self":[{"href":"https:\/\/vinasfm.com\/noticias\/wp-json\/wp\/v2\/posts\/105396","targetHints":{"allow":["GET"]}}],"collection":[{"href":"https:\/\/vinasfm.com\/noticias\/wp-json\/wp\/v2\/posts"}],"about":[{"href":"https:\/\/vinasfm.com\/noticias\/wp-json\/wp\/v2\/types\/post"}],"author":[{"embeddable":true,"href":"https:\/\/vinasfm.com\/noticias\/wp-json\/wp\/v2\/users\/8"}],"replies":[{"embeddable":true,"href":"https:\/\/vinasfm.com\/noticias\/wp-json\/wp\/v2\/comments?post=105396"}],"version-history":[{"count":2,"href":"https:\/\/vinasfm.com\/noticias\/wp-json\/wp\/v2\/posts\/105396\/revisions"}],"predecessor-version":[{"id":106306,"href":"https:\/\/vinasfm.com\/noticias\/wp-json\/wp\/v2\/posts\/105396\/revisions\/106306"}],"wp:featuredmedia":[{"embeddable":true,"href":"https:\/\/vinasfm.com\/noticias\/wp-json\/wp\/v2\/media\/9261"}],"wp:attachment":[{"href":"https:\/\/vinasfm.com\/noticias\/wp-json\/wp\/v2\/media?parent=105396"}],"wp:term":[{"taxonomy":"category","embeddable":true,"href":"https:\/\/vinasfm.com\/noticias\/wp-json\/wp\/v2\/categories?post=105396"},{"taxonomy":"post_tag","embeddable":true,"href":"https:\/\/vinasfm.com\/noticias\/wp-json\/wp\/v2\/tags?post=105396"}],"curies":[{"name":"wp","href":"https:\/\/api.w.org\/{rel}","templated":true}]}}