{"id":105383,"date":"2022-02-14T12:00:01","date_gmt":"2022-02-14T15:00:01","guid":{"rendered":"http:\/\/vinasfm.com\/noticias\/?p=105383"},"modified":"2022-02-15T18:41:21","modified_gmt":"2022-02-15T21:41:21","slug":"fabio-paez-la-justicia-esta-dando-un-peligroso-mensaje-beneficiando-a-los-femicidas","status":"publish","type":"post","link":"https:\/\/vinasfm.com\/noticias\/fabio-paez-la-justicia-esta-dando-un-peligroso-mensaje-beneficiando-a-los-femicidas\/","title":{"rendered":"FABIO P\u00c1EZ: &#8216;LA JUSTICIA EST\u00c1 DANDO UN PELIGROSO MENSAJE BENEFICIANDO A LOS FEMICIDAS&#8217;"},"content":{"rendered":"<p><span style=\"color: #000000;\"><strong>La\u00a0Corte Suprema de Justicia de Santa Fe\u00a0anul\u00f3 sorpresivamente la condena a 21 a\u00f1os y 6 meses de prisi\u00f3n impuesta a Manuel Mansilla por el femicidio de su novia, la adolescente Chiara P\u00e1ez, de 15 a\u00f1os, cuyo crimen dio origen al movimiento &#8216;<em>Ni Una Menos<\/em>&#8216;, y orden\u00f3 que la misma sea nuevamente determinada pero &#8216;<em>por un tribunal de la Justicia de Menores<\/em>&#8216;. Esto porque al momento del hecho, Mansilla ten\u00eda 17 a\u00f1os.<\/strong><\/span><\/p>\n<p><span style=\"color: #000000;\">Al respecto se refiri\u00f3, en di\u00e1logo con <strong>F.M. Vi\u00f1as,<\/strong> <strong>Fabio P\u00e1ez<\/strong> (<em>pap\u00e1 de Chiara<\/em>), quien consider\u00f3 que este fallo que reducir\u00e1 la escala penal del femicida representa &#8216;<strong><em>un triste y peligroso mensaje indicando que si sos menor podes cometer cualquier crimen con tal a los a\u00f1os vas a salir libre<\/em><\/strong>&#8216;.\u00a0<\/span><\/p>\n<div id=\"attachment_105385\" style=\"width: 300px\" class=\"wp-caption alignleft\"><a style=\"color: #000000;\" href=\"http:\/\/vinasfm.com\/noticias\/wp-content\/uploads\/2022\/02\/ni-una-menos-mendoza-1140x641-1.jpeg\"><img loading=\"lazy\" decoding=\"async\" aria-describedby=\"caption-attachment-105385\" class=\"size-medium wp-image-105385\" src=\"http:\/\/vinasfm.com\/noticias\/wp-content\/uploads\/2022\/02\/ni-una-menos-mendoza-1140x641-1-300x169.jpeg\" alt=\"\" width=\"300\" height=\"169\" srcset=\"https:\/\/vinasfm.com\/noticias\/wp-content\/uploads\/2022\/02\/ni-una-menos-mendoza-1140x641-1-300x169.jpeg 300w, https:\/\/vinasfm.com\/noticias\/wp-content\/uploads\/2022\/02\/ni-una-menos-mendoza-1140x641-1-1024x576.jpeg 1024w, https:\/\/vinasfm.com\/noticias\/wp-content\/uploads\/2022\/02\/ni-una-menos-mendoza-1140x641-1-768x432.jpeg 768w, https:\/\/vinasfm.com\/noticias\/wp-content\/uploads\/2022\/02\/ni-una-menos-mendoza-1140x641-1-750x420.jpeg 750w, https:\/\/vinasfm.com\/noticias\/wp-content\/uploads\/2022\/02\/ni-una-menos-mendoza-1140x641-1.jpeg 1140w\" sizes=\"auto, (max-width: 300px) 100vw, 300px\" \/><\/a><p id=\"caption-attachment-105385\" class=\"wp-caption-text\"><span style=\"color: #000000;\"><em>NI UNA MENOS: LA ININTERRUMPIDA LUCHA CONTRA LA VIOLENCIA DE G\u00c9NERO<\/em>.<\/span><\/p><\/div>\n<p><span style=\"color: #000000;\">Como argumento de la Corte, el fallo del m\u00e1ximo tribunal santafesino es consecuencia de un <strong>recurso de inconstitucionalidad interpuesto por la defensora General de Menores, Gabriela Del Castillo, quien cuestion\u00f3 la confirmaci\u00f3n de la condena a Mansilla por parte de la C\u00e1mara Penal de Rosario. <\/strong>Este fallo establece que se aplicar\u00e1 al caso una sanci\u00f3n correspondiente a la<strong> <em>tentativa de homicidio<\/em><\/strong>, cuya <strong>escala penal va de 10 a 15 a\u00f1os<\/strong>.<\/span><\/p>\n<p><span style=\"color: #000000;\">&#8216;<strong><em>Llama la atenci\u00f3n que este recurso lo haya solicitado una mujer como parte de una estrategia pero sin dudas crean un precedente para beneficiar a otros asesinos. Con este fallo la Corte le suelta la mano a las mujeres<\/em><\/strong>&#8216;, se\u00f1al\u00f3, y en la misma l\u00ednea explic\u00f3 que con esta medida Mansilla &#8216;<strong><em>cumplidos los 7 a\u00f1os podr\u00e1 empezar a tener el beneficio de las salidas transitorias porque ya cumple el 50% de la condena<\/em><\/strong>&#8216;.\u00a0<\/span><\/p>\n<p><span style=\"color: #000000;\">Respecto a los pr\u00f3ximos pasos que seguir\u00e1n desde lo judicial, Fabio adelant\u00f3: &#8216;<strong><em>Esperaremos la definici\u00f3n del Juez de Primera Instancia de Venado Tuerto y con eso apelaremos a tribunales superiores no solo por el caso de Chiara sino para que no se beneficie a estas personas que pueden asesinar nuevamente<\/em><\/strong>&#8216;.<\/span><\/p>\n","protected":false},"excerpt":{"rendered":"<p>La\u00a0Corte Suprema de Justicia de Santa Fe\u00a0anul\u00f3 sorpresivamente la condena a 21 a\u00f1os y 6 meses de prisi\u00f3n impuesta a Manuel &#8230;<\/p>\n","protected":false},"author":8,"featured_media":105384,"comment_status":"open","ping_status":"open","sticky":false,"template":"","format":"standard","meta":{"footnotes":""},"categories":[5,10],"tags":[],"class_list":["post-105383","post","type-post","status-publish","format-standard","has-post-thumbnail","hentry","category-actualidad","category-destacadas"],"_links":{"self":[{"href":"https:\/\/vinasfm.com\/noticias\/wp-json\/wp\/v2\/posts\/105383","targetHints":{"allow":["GET"]}}],"collection":[{"href":"https:\/\/vinasfm.com\/noticias\/wp-json\/wp\/v2\/posts"}],"about":[{"href":"https:\/\/vinasfm.com\/noticias\/wp-json\/wp\/v2\/types\/post"}],"author":[{"embeddable":true,"href":"https:\/\/vinasfm.com\/noticias\/wp-json\/wp\/v2\/users\/8"}],"replies":[{"embeddable":true,"href":"https:\/\/vinasfm.com\/noticias\/wp-json\/wp\/v2\/comments?post=105383"}],"version-history":[{"count":3,"href":"https:\/\/vinasfm.com\/noticias\/wp-json\/wp\/v2\/posts\/105383\/revisions"}],"predecessor-version":[{"id":105387,"href":"https:\/\/vinasfm.com\/noticias\/wp-json\/wp\/v2\/posts\/105383\/revisions\/105387"}],"wp:featuredmedia":[{"embeddable":true,"href":"https:\/\/vinasfm.com\/noticias\/wp-json\/wp\/v2\/media\/105384"}],"wp:attachment":[{"href":"https:\/\/vinasfm.com\/noticias\/wp-json\/wp\/v2\/media?parent=105383"}],"wp:term":[{"taxonomy":"category","embeddable":true,"href":"https:\/\/vinasfm.com\/noticias\/wp-json\/wp\/v2\/categories?post=105383"},{"taxonomy":"post_tag","embeddable":true,"href":"https:\/\/vinasfm.com\/noticias\/wp-json\/wp\/v2\/tags?post=105383"}],"curies":[{"name":"wp","href":"https:\/\/api.w.org\/{rel}","templated":true}]}}