{"id":105377,"date":"2022-02-14T00:01:45","date_gmt":"2022-02-14T03:01:45","guid":{"rendered":"http:\/\/vinasfm.com\/noticias\/?p=105377"},"modified":"2022-02-15T09:04:31","modified_gmt":"2022-02-15T12:04:31","slug":"la-falta-de-mano-de-obra-amenaza-la-continuidad-y-el-desarrollo-de-la-produccion-horticola","status":"publish","type":"post","link":"https:\/\/vinasfm.com\/noticias\/la-falta-de-mano-de-obra-amenaza-la-continuidad-y-el-desarrollo-de-la-produccion-horticola\/","title":{"rendered":"LA FALTA DE MANO DE OBRA AMENAZA LA CONTINUIDAD Y EL DESARROLLO DE LA PRODUCCI\u00d3N HORT\u00cdCOLA"},"content":{"rendered":"<h4><span style=\"color: #000000;\"><strong>La falta de mano de obra amenaza la continuidad de la horticultura en nuestra regi\u00f3n que sumada a otros factores como la ola de calor de enero sufri\u00f3 una merma en la producci\u00f3n disparando de forma estacional los precios al consumidor. La recuperaci\u00f3n del Mercado Concentrador ser\u00e1 un instrumento fundamental para potenciar la agricultura local.<\/strong><\/span><\/h4>\n<div id=\"attachment_99353\" style=\"width: 300px\" class=\"wp-caption alignleft\"><a style=\"color: #000000;\" href=\"http:\/\/vinasfm.com\/noticias\/wp-content\/uploads\/2021\/10\/408d57fb-4083-4d1e-98ba-c40899cacef4-e1634569133430.jpg\"><img loading=\"lazy\" decoding=\"async\" aria-describedby=\"caption-attachment-99353\" class=\"size-medium wp-image-99353\" src=\"http:\/\/vinasfm.com\/noticias\/wp-content\/uploads\/2021\/10\/408d57fb-4083-4d1e-98ba-c40899cacef4-e1634569133430-300x256.jpg\" alt=\"\" width=\"300\" height=\"256\" srcset=\"https:\/\/vinasfm.com\/noticias\/wp-content\/uploads\/2021\/10\/408d57fb-4083-4d1e-98ba-c40899cacef4-e1634569133430-300x256.jpg 300w, https:\/\/vinasfm.com\/noticias\/wp-content\/uploads\/2021\/10\/408d57fb-4083-4d1e-98ba-c40899cacef4-e1634569133430-1024x874.jpg 1024w, https:\/\/vinasfm.com\/noticias\/wp-content\/uploads\/2021\/10\/408d57fb-4083-4d1e-98ba-c40899cacef4-e1634569133430-768x655.jpg 768w, https:\/\/vinasfm.com\/noticias\/wp-content\/uploads\/2021\/10\/408d57fb-4083-4d1e-98ba-c40899cacef4-e1634569133430.jpg 1199w\" sizes=\"auto, (max-width: 300px) 100vw, 300px\" \/><\/a><p id=\"caption-attachment-99353\" class=\"wp-caption-text\"><span style=\"color: #000000;\">JAVIER L\u00d3PEZ EN EL ESTUDIO DE F.M. VI\u00d1AS.<\/span><\/p><\/div>\n<p><span style=\"color: #000000;\">Un claro ejemplo de los efectos generados por las causas anteriormente mencionada es la <strong>producci\u00f3n de lechuga<\/strong>, y al respecto se refiri\u00f3 en di\u00e1logo con <strong>F.M. Vi\u00f1as<\/strong> el <strong>productor local Javier L\u00f3pez<\/strong>: &#8216;<strong><em>Regionalmente nos limita la poca cantidad de mano de obra. Desde hace varios a\u00f1os notamos que cuesta mucho conseguir trabajadores y al momento de planificar el trabajo agr\u00edcola no afecta mucho<\/em><\/strong>&#8216;, indic\u00f3.<\/span><\/p>\n<p><span style=\"color: #000000;\">Consultado sobre la raz\u00f3n del faltante de mano de obra para trabajar la horticultura, L\u00f3pez consider\u00f3 que obedece a &#8216;<strong><em>las err\u00f3neas pol\u00edticas donde gracias a la d\u00e1divas muchos han perdido la cultura del trabajo como<\/em><\/strong>&#8216;, y en la misma l\u00ednea subray\u00f3: &#8216;<em><b>Sabemos que quienes trabajen deben ganar lo que corresponde pero las pol\u00edticas\u00a0deben estar orientadas a beneficiar a la agricultura para que los productores paguemos m\u00e1s a los trabajadores<\/b><\/em>&#8216;.<\/span><\/p>\n<p><span style=\"color: #000000;\">Sobre el <strong>precio de los productos hort\u00edcolas<\/strong>, indic\u00f3 que el incremento en los valores se basan en <strong>oferta-demanda<\/strong> pero con influencia del <strong>aumento de los combustibles, suba del d\u00f3lar<\/strong> y <strong>presi\u00f3n impositiva<\/strong>.\u00a0<\/span><\/p>\n<p><span style=\"color: #000000;\">Respecto a la situaci\u00f3n en nuestro departamento celebr\u00f3 la recuperaci\u00f3n del<strong> Mercado Concentrador<\/strong> por parte del <strong>Intendente Walther Marcolini<\/strong> ya que &#8216;<strong><em>generar\u00e1 dinamismo en la producci\u00f3n local y nos permitir\u00e1 formar precios por eso creo que ser\u00e1 muy importante su desarrollo<\/em><\/strong>&#8216;, manifest\u00f3 adem\u00e1s de felicitar al Municipio por este avance: &#8216;<strong><em>Se ha generado la ecuaci\u00f3n justa para que empiece a funcionar y potenciar la agricultura local. No solamente beneficiar\u00e1 a la horticultura sino a la fruticultura, conservas y dem\u00e1s productos<\/em><\/strong>&#8216;.<\/span><\/p>\n","protected":false},"excerpt":{"rendered":"<p>La falta de mano de obra amenaza la continuidad de la horticultura en nuestra regi\u00f3n que sumada a otros factores como &#8230;<\/p>\n","protected":false},"author":8,"featured_media":105378,"comment_status":"open","ping_status":"open","sticky":false,"template":"","format":"standard","meta":{"footnotes":""},"categories":[5,14],"tags":[],"class_list":["post-105377","post","type-post","status-publish","format-standard","has-post-thumbnail","hentry","category-actualidad","category-agro"],"_links":{"self":[{"href":"https:\/\/vinasfm.com\/noticias\/wp-json\/wp\/v2\/posts\/105377","targetHints":{"allow":["GET"]}}],"collection":[{"href":"https:\/\/vinasfm.com\/noticias\/wp-json\/wp\/v2\/posts"}],"about":[{"href":"https:\/\/vinasfm.com\/noticias\/wp-json\/wp\/v2\/types\/post"}],"author":[{"embeddable":true,"href":"https:\/\/vinasfm.com\/noticias\/wp-json\/wp\/v2\/users\/8"}],"replies":[{"embeddable":true,"href":"https:\/\/vinasfm.com\/noticias\/wp-json\/wp\/v2\/comments?post=105377"}],"version-history":[{"count":3,"href":"https:\/\/vinasfm.com\/noticias\/wp-json\/wp\/v2\/posts\/105377\/revisions"}],"predecessor-version":[{"id":105382,"href":"https:\/\/vinasfm.com\/noticias\/wp-json\/wp\/v2\/posts\/105377\/revisions\/105382"}],"wp:featuredmedia":[{"embeddable":true,"href":"https:\/\/vinasfm.com\/noticias\/wp-json\/wp\/v2\/media\/105378"}],"wp:attachment":[{"href":"https:\/\/vinasfm.com\/noticias\/wp-json\/wp\/v2\/media?parent=105377"}],"wp:term":[{"taxonomy":"category","embeddable":true,"href":"https:\/\/vinasfm.com\/noticias\/wp-json\/wp\/v2\/categories?post=105377"},{"taxonomy":"post_tag","embeddable":true,"href":"https:\/\/vinasfm.com\/noticias\/wp-json\/wp\/v2\/tags?post=105377"}],"curies":[{"name":"wp","href":"https:\/\/api.w.org\/{rel}","templated":true}]}}