{"id":105356,"date":"2022-02-12T23:30:32","date_gmt":"2022-02-13T02:30:32","guid":{"rendered":"http:\/\/vinasfm.com\/noticias\/?p=105356"},"modified":"2022-02-14T08:37:48","modified_gmt":"2022-02-14T11:37:48","slug":"los-programas-de-empleo-enlace-y-enlazados-suman-nuevas-alternativas","status":"publish","type":"post","link":"https:\/\/vinasfm.com\/noticias\/los-programas-de-empleo-enlace-y-enlazados-suman-nuevas-alternativas\/","title":{"rendered":"LOS PROGRAMAS DE EMPLEO &#8216;ENLACE&#8217; Y &#8216;ENLAZADOS&#8217; SUMAN NUEVAS ALTERNATIVAS"},"content":{"rendered":"<h4><strong><span style=\"color: #000000;\">El Ministerio de Econom\u00eda y Energ\u00eda, a trav\u00e9s de la Direcci\u00f3n General de Empleo y Capacitaci\u00f3n, anunci\u00f3 la continuidad y ampliaci\u00f3n de los programas Enlace (Entrenamiento laboral certificado) y Enlazados (etapa posterior de inserci\u00f3n laboral). Se sumaron tres nuevas l\u00edneas orientadas a mejorar la empleabilidad y la posterior inserci\u00f3n de mendocinas y mendocinas. \u00a0<\/span><\/strong><\/h4>\n<p><span style=\"color: #000000;\">Los detalles de la iniciativa fueron desarrollados en horas de la ma\u00f1ana de este viernes en La Enoteca. Participaron <strong>Emilce Vega Espinoza, titular de la Direcci\u00f3n dependiente de la cartera econ\u00f3mica provincial; el ministro de Econom\u00eda y Energ\u00eda, Enrique Vaqui\u00e9<\/strong>, y representantes de peque\u00f1as y medianas empresas mendocinas. \u00a0<\/span><\/p>\n<div id=\"attachment_105358\" style=\"width: 300px\" class=\"wp-caption alignleft\"><a href=\"http:\/\/vinasfm.com\/noticias\/wp-content\/uploads\/2022\/02\/aDSC_2381-700x403-1.jpg\"><img loading=\"lazy\" decoding=\"async\" aria-describedby=\"caption-attachment-105358\" class=\"wp-image-105358 size-medium\" src=\"http:\/\/vinasfm.com\/noticias\/wp-content\/uploads\/2022\/02\/aDSC_2381-700x403-1-300x173.jpg\" alt=\"\" width=\"300\" height=\"173\" srcset=\"https:\/\/vinasfm.com\/noticias\/wp-content\/uploads\/2022\/02\/aDSC_2381-700x403-1-300x173.jpg 300w, https:\/\/vinasfm.com\/noticias\/wp-content\/uploads\/2022\/02\/aDSC_2381-700x403-1.jpg 700w\" sizes=\"auto, (max-width: 300px) 100vw, 300px\" \/><\/a><p id=\"caption-attachment-105358\" class=\"wp-caption-text\">Presentaci\u00f3n de las ampliaciones de los programas Enlace y Enlazados.<\/p><\/div>\n<p><span style=\"color: #000000;\">Vega Espinoza explic\u00f3: \u201c<strong><em>La primera herramienta que se suma se denomina\u00a0Pre-Enlace.\u00a0Buscamos formar mano de obra calificada para su posterior inserci\u00f3n laboral. Esta etapa no implica relaci\u00f3n laboral formal sino un acuerdo entre partes. Con dos meses como m\u00e1ximo de duraci\u00f3n, se pretende dar respuesta a la demanda pyme mediante l\u00edneas de capacitaci\u00f3n breves. Las partes involucradas se beneficiar\u00e1n con un est\u00edmulo mensual de $4.800 que es el equivalente al 15% del salario m\u00ednimo vital y m\u00f3vil (SMVM) a enero de este a\u00f1o<\/em><\/strong>\u201d. \u00a0\u00a0<\/span><\/p>\n<p><span style=\"color: #000000;\">Por otro lado, la funcionaria explic\u00f3 que esta nueva instancia contempla la puesta en marcha del\u00a0<strong>Enlazados +50<\/strong>,\u00a0una alternativa dirigida a grandes empresas con sede en Mendoza: \u201c<strong><em>La iniciativa busca garantizar las relaciones laborales de largo plazo, cubriendo durante un a\u00f1o el equivalente al 100% del SMVM a empresas que den de alta a m\u00e1s de 50 empleados en un mismo mes por ocho horas de trabajo. En caso de que las incorporaciones sean por media jornada, el subsidio ser\u00e1 de 50%. El ahorro por 12 meses para la empresa es de m\u00e1s de 20 millones<\/em><\/strong>\u201d.\u00a0\u00a0\u00a0\u00a0<\/span><\/p>\n<p><span style=\"color: #000000;\">La tercera y \u00faltima l\u00ednea se denomina\u00a0<em><strong>Enlazados con continuidad<\/strong><\/em>.<strong>\u00a0<\/strong>Sobre la implementaci\u00f3n, la directora de Empleo y Capacitaci\u00f3n explic\u00f3 que <strong>las empresas que hayan tomado personal en el marco del programa Enlazados durante 2021<\/strong>, y cuyo v\u00ednculo laboral persista, <strong>podr\u00e1n acceder (durante 2 meses) a un nuevo subsidio sobre el sueldo del trabajador<\/strong>. Ser\u00e1 <strong>equivalente al 50% del SMVM por media jornada o al 100% en caso que la jornada de trabajo sea por 8 horas<\/strong>. De este modo, los empleadores se estar\u00e1n ahorrando, por cada empleado, una asuma igual a\u00a0$32.000 o $16.000<strong>,\u00a0<\/strong>respectivamente. \u00a0<\/span><\/p>\n<p><span style=\"color: #000000;\">\u201c<strong><em>Cuando se empez\u00f3 a trabajar con\u00a0Enlazados, en julio de 2021 se hab\u00eda puesto el objetivo de generar, en 12 meses, 3.500 puestos de trabajo genuinos, y al 1 de febrero de este a\u00f1o est\u00e1bamos en 3.077. Actualmente nos estamos acercando, gracias al compromiso de las empresas, a los 3.250. Es por ello que se comenz\u00f3 a trabajar en una ley para poder extender el programa, y adaptarlo mejor a las necesidades del mercado laboral<\/em><\/strong>\u201d, remarc\u00f3. \u00a0<\/span><\/p>\n<p><span style=\"color: #000000;\">Al cierre, Vega Espinoza, agreg\u00f3: \u201c<strong><em>Las relaciones laborales se est\u00e1n generando e incrementando en la provincia, las empresas lo empiezan a notar. Estas medidas econ\u00f3micas vienen a acompa\u00f1ar a las pymes mendocinas que son las m\u00e1s comprometidas en cumplir con el objetivo que nos hemos planteado, generar empleo genuino<\/em><\/strong>\u201d.\u00a0<\/span><\/p>\n<h4><span style=\"color: #000000;\"><strong>Informes \u00a0<\/strong><\/span><\/h4>\n<p><span style=\"color: #000000;\">Para m\u00e1s informaci\u00f3n, desde la cartera econ\u00f3mica provincial pusieron a disposici\u00f3n el contacto telef\u00f3nico<strong> 261 3852534<\/strong> o bien los correos electr\u00f3nicos<\/span>\u00a0<strong><a href=\"mailto:enlacemza@yahoo.com\" target=\"_blank\" rel=\"noreferrer noopener\">enlacemza@yahoo.com\u00a0y\u00a0consultasenlazados@gmail.com<\/a>.<\/strong><\/p>\n<p><span style=\"color: #000000;\">Todos los detalles de cada una de las l\u00edneas est\u00e1n disponibles en el portal<\/span>\u00a0<strong><a href=\"http:\/\/www.mendoza.gov.ar\/economia\/\" target=\"_blank\" rel=\"noreferrer noopener\">www.mendoza.gov.ar\/economia\/<\/a>.<\/strong><\/p>\n","protected":false},"excerpt":{"rendered":"<p>El Ministerio de Econom\u00eda y Energ\u00eda, a trav\u00e9s de la Direcci\u00f3n General de Empleo y Capacitaci\u00f3n, anunci\u00f3 la continuidad y ampliaci\u00f3n &#8230;<\/p>\n","protected":false},"author":8,"featured_media":105357,"comment_status":"open","ping_status":"open","sticky":false,"template":"","format":"standard","meta":{"footnotes":""},"categories":[5,16],"tags":[],"class_list":["post-105356","post","type-post","status-publish","format-standard","has-post-thumbnail","hentry","category-actualidad","category-economia"],"_links":{"self":[{"href":"https:\/\/vinasfm.com\/noticias\/wp-json\/wp\/v2\/posts\/105356","targetHints":{"allow":["GET"]}}],"collection":[{"href":"https:\/\/vinasfm.com\/noticias\/wp-json\/wp\/v2\/posts"}],"about":[{"href":"https:\/\/vinasfm.com\/noticias\/wp-json\/wp\/v2\/types\/post"}],"author":[{"embeddable":true,"href":"https:\/\/vinasfm.com\/noticias\/wp-json\/wp\/v2\/users\/8"}],"replies":[{"embeddable":true,"href":"https:\/\/vinasfm.com\/noticias\/wp-json\/wp\/v2\/comments?post=105356"}],"version-history":[{"count":2,"href":"https:\/\/vinasfm.com\/noticias\/wp-json\/wp\/v2\/posts\/105356\/revisions"}],"predecessor-version":[{"id":105361,"href":"https:\/\/vinasfm.com\/noticias\/wp-json\/wp\/v2\/posts\/105356\/revisions\/105361"}],"wp:featuredmedia":[{"embeddable":true,"href":"https:\/\/vinasfm.com\/noticias\/wp-json\/wp\/v2\/media\/105357"}],"wp:attachment":[{"href":"https:\/\/vinasfm.com\/noticias\/wp-json\/wp\/v2\/media?parent=105356"}],"wp:term":[{"taxonomy":"category","embeddable":true,"href":"https:\/\/vinasfm.com\/noticias\/wp-json\/wp\/v2\/categories?post=105356"},{"taxonomy":"post_tag","embeddable":true,"href":"https:\/\/vinasfm.com\/noticias\/wp-json\/wp\/v2\/tags?post=105356"}],"curies":[{"name":"wp","href":"https:\/\/api.w.org\/{rel}","templated":true}]}}