{"id":105318,"date":"2022-02-10T23:59:51","date_gmt":"2022-02-11T02:59:51","guid":{"rendered":"http:\/\/vinasfm.com\/noticias\/?p=105318"},"modified":"2022-02-14T08:49:37","modified_gmt":"2022-02-14T11:49:37","slug":"ricardo-chiapa-presentara-su-libro-postales-de-malvinas","status":"publish","type":"post","link":"https:\/\/vinasfm.com\/noticias\/ricardo-chiapa-presentara-su-libro-postales-de-malvinas\/","title":{"rendered":"RICARDO CHIAPA Y SU LIBRO &#8216;POSTALES DE MALVINAS&#8217;"},"content":{"rendered":"<h4><span style=\"color: #000000;\"><strong>Este s\u00e1bado 12 de febrero a las 19hs en el Mercado Municipal el ex combatiente Ricardo Chiapa presentar\u00e1 su libro &#8216;Postales de Malvinas&#8217;. A la presentaci\u00f3n se sumar\u00e1 una muestra art\u00edstica que incluir\u00e1 pintura y m\u00fasica en vivo.<\/strong><\/span><\/h4>\n<p><span style=\"color: #000000;\">Bajo la coordinaci\u00f3n del <strong>Museo de la Guerra de Malvinas <\/strong>y<strong> Econom\u00eda Social,<\/strong> Chiapa presentar\u00e1 &#8216;<strong><em>Postales de Malvinas<\/em><\/strong>&#8216;, libro que comenz\u00f3 a escribir hace 25 a\u00f1os pero por diferentes motivos qued\u00f3 en borrador, &#8216;<strong><em>Con la ayuda de mi hija y la escritora Adela \u00c1lvarez, que hicieron las correcciones, pudimos terminarlo y comenzamos con los tramites legales en la editorial que lo public\u00f3<\/em><\/strong>&#8216;, coment\u00f3 Ricardo en di\u00e1logo con <strong>F.M. Vi\u00f1as<\/strong>.\u00a0<\/span><\/p>\n<p><span style=\"color: #000000;\">Adem\u00e1s , agradeci\u00f3 al Intendente Marcolini por &#8216;<em><strong>el apoyo incondicional en esta nueva aventura<\/strong><\/em>&#8216; y expres\u00f3 su felicidad porque los libros ya est\u00e1n listos para la venta. &#8216;<strong><em>Tiene relatos de la guerra, algunos muy duros sobre la situaci\u00f3n en Malvinas, e im\u00e1genes que muestran lo que vivimos quienes combatimos en las islas. Van a encontrarse con lo que signific\u00f3 la vuelta al continente y la vida post guerra<\/em><\/strong>&#8216;, adelant\u00f3 el veterano consultado sobre el contenido del libro.<\/span><\/p>\n<p><span style=\"color: #000000;\">Aquel que desee adquirir &#8216;<strong><em>Postales de Malvinas<\/em><\/strong>&#8216; puede acercarse al Mercado Municipal a partir de las 19hs del s\u00e1bado y abonar <strong>$900<\/strong>: &#8216;<strong><em>Luego de esta presentaci\u00f3n nos tocar\u00e1 en Maip\u00fa, San Carlos y la editorial nos quiere llevar a la Feria del Libro<\/em><\/strong>&#8216;, coment\u00f3.<\/span><\/p>\n","protected":false},"excerpt":{"rendered":"<p>Este s\u00e1bado 12 de febrero a las 19hs en el Mercado Municipal el ex combatiente Ricardo Chiapa presentar\u00e1 su libro &#8216;Postales &#8230;<\/p>\n","protected":false},"author":8,"featured_media":105319,"comment_status":"open","ping_status":"open","sticky":false,"template":"","format":"standard","meta":{"footnotes":""},"categories":[5,19],"tags":[],"class_list":["post-105318","post","type-post","status-publish","format-standard","has-post-thumbnail","hentry","category-actualidad","category-cultura"],"_links":{"self":[{"href":"https:\/\/vinasfm.com\/noticias\/wp-json\/wp\/v2\/posts\/105318","targetHints":{"allow":["GET"]}}],"collection":[{"href":"https:\/\/vinasfm.com\/noticias\/wp-json\/wp\/v2\/posts"}],"about":[{"href":"https:\/\/vinasfm.com\/noticias\/wp-json\/wp\/v2\/types\/post"}],"author":[{"embeddable":true,"href":"https:\/\/vinasfm.com\/noticias\/wp-json\/wp\/v2\/users\/8"}],"replies":[{"embeddable":true,"href":"https:\/\/vinasfm.com\/noticias\/wp-json\/wp\/v2\/comments?post=105318"}],"version-history":[{"count":3,"href":"https:\/\/vinasfm.com\/noticias\/wp-json\/wp\/v2\/posts\/105318\/revisions"}],"predecessor-version":[{"id":105410,"href":"https:\/\/vinasfm.com\/noticias\/wp-json\/wp\/v2\/posts\/105318\/revisions\/105410"}],"wp:featuredmedia":[{"embeddable":true,"href":"https:\/\/vinasfm.com\/noticias\/wp-json\/wp\/v2\/media\/105319"}],"wp:attachment":[{"href":"https:\/\/vinasfm.com\/noticias\/wp-json\/wp\/v2\/media?parent=105318"}],"wp:term":[{"taxonomy":"category","embeddable":true,"href":"https:\/\/vinasfm.com\/noticias\/wp-json\/wp\/v2\/categories?post=105318"},{"taxonomy":"post_tag","embeddable":true,"href":"https:\/\/vinasfm.com\/noticias\/wp-json\/wp\/v2\/tags?post=105318"}],"curies":[{"name":"wp","href":"https:\/\/api.w.org\/{rel}","templated":true}]}}