{"id":105305,"date":"2022-02-10T09:23:04","date_gmt":"2022-02-10T12:23:04","guid":{"rendered":"http:\/\/vinasfm.com\/noticias\/?p=105305"},"modified":"2022-02-10T19:44:31","modified_gmt":"2022-02-10T22:44:31","slug":"secuestraron-elementos-relacionados-con-el-robo-de-cobre-en-alvear","status":"publish","type":"post","link":"https:\/\/vinasfm.com\/noticias\/secuestraron-elementos-relacionados-con-el-robo-de-cobre-en-alvear\/","title":{"rendered":"SECUESTRARON ELEMENTOS RELACIONADOS CON EL ROBO DE COBRE EN ALVEAR"},"content":{"rendered":"<h4><strong><span style=\"color: #000000;\">En el marco de Investigaciones realizadas a ra\u00edz de los robos de transformadores en jurisdicci\u00f3n de la Departamental de Policia este mi\u00e9rcoles se realizaron 4 allanamientos en distintos puntos de la Ciudad.<\/span><\/strong><\/h4>\n<h4><span style=\"color: #000000;\"><span style=\"color: #000000;\">Se logr\u00f3 el secuestro de elementos relacionados como un autom\u00f3vil utilitario, calzado y cable propio de empresas como Cecsagal\u00a0o contratadas y tel\u00e9fonos celulares de los sindicados.<\/span><\/span><\/h4>\n<h4><strong><span style=\"color: #000000;\">Surge adem\u00e1s el secuestro de un arma de fuego tipo pistola calibre 22, la cual ser\u00e1 periciada por Polic\u00eda Cient\u00edfica y podr\u00eda originar otro expediente en \u00abAv. Tenencia de arma de fuego\u00bb.<\/span><\/strong><\/h4>\n","protected":false},"excerpt":{"rendered":"<p>En el marco de Investigaciones realizadas a ra\u00edz de los robos de transformadores en jurisdicci\u00f3n de la Departamental de Policia este &#8230;<\/p>\n","protected":false},"author":8,"featured_media":66502,"comment_status":"open","ping_status":"open","sticky":false,"template":"","format":"standard","meta":{"footnotes":""},"categories":[5,4],"tags":[],"class_list":["post-105305","post","type-post","status-publish","format-standard","has-post-thumbnail","hentry","category-actualidad","category-policiales"],"_links":{"self":[{"href":"https:\/\/vinasfm.com\/noticias\/wp-json\/wp\/v2\/posts\/105305","targetHints":{"allow":["GET"]}}],"collection":[{"href":"https:\/\/vinasfm.com\/noticias\/wp-json\/wp\/v2\/posts"}],"about":[{"href":"https:\/\/vinasfm.com\/noticias\/wp-json\/wp\/v2\/types\/post"}],"author":[{"embeddable":true,"href":"https:\/\/vinasfm.com\/noticias\/wp-json\/wp\/v2\/users\/8"}],"replies":[{"embeddable":true,"href":"https:\/\/vinasfm.com\/noticias\/wp-json\/wp\/v2\/comments?post=105305"}],"version-history":[{"count":1,"href":"https:\/\/vinasfm.com\/noticias\/wp-json\/wp\/v2\/posts\/105305\/revisions"}],"predecessor-version":[{"id":105306,"href":"https:\/\/vinasfm.com\/noticias\/wp-json\/wp\/v2\/posts\/105305\/revisions\/105306"}],"wp:featuredmedia":[{"embeddable":true,"href":"https:\/\/vinasfm.com\/noticias\/wp-json\/wp\/v2\/media\/66502"}],"wp:attachment":[{"href":"https:\/\/vinasfm.com\/noticias\/wp-json\/wp\/v2\/media?parent=105305"}],"wp:term":[{"taxonomy":"category","embeddable":true,"href":"https:\/\/vinasfm.com\/noticias\/wp-json\/wp\/v2\/categories?post=105305"},{"taxonomy":"post_tag","embeddable":true,"href":"https:\/\/vinasfm.com\/noticias\/wp-json\/wp\/v2\/tags?post=105305"}],"curies":[{"name":"wp","href":"https:\/\/api.w.org\/{rel}","templated":true}]}}