{"id":105299,"date":"2022-02-10T23:59:22","date_gmt":"2022-02-11T02:59:22","guid":{"rendered":"http:\/\/vinasfm.com\/noticias\/?p=105299"},"modified":"2022-02-11T20:36:52","modified_gmt":"2022-02-11T23:36:52","slug":"real-del-padre-se-descompenso-mientras-cosechaba-y-perdio-la-vida-minutos-despues","status":"publish","type":"post","link":"https:\/\/vinasfm.com\/noticias\/real-del-padre-se-descompenso-mientras-cosechaba-y-perdio-la-vida-minutos-despues\/","title":{"rendered":"REAL DEL PADRE: SE DESCOMPENS\u00d3 MIENTRAS COSECHABA Y PERDI\u00d3 LA VIDA MINUTOS DESPU\u00c9S"},"content":{"rendered":"<h4><span style=\"color: #000000;\"><strong>Este mi\u00e9rcoles, un hombre de 67 a\u00f1os perdi\u00f3 la vida luego de descompensarse mientras estaba cosechando en una finca de Real del Padre.<\/strong><\/span><\/h4>\n<p><span style=\"color: #000000;\">El reporte oficial suministrado a F.M. VI\u00d1AS reconstruye que ayer <strong>un grupo de cosechadores arrib\u00f3 al Centro de Salud<\/strong> del mencionado distrito sanrafaelino <strong>con el sexagenario el cual hab\u00eda ca\u00eddo al suelo mientras se encontraba trabajando<\/strong>.<\/span><\/p>\n<p><span style=\"color: #000000;\"><strong>Los profesionales le realizaron maniobras de RCP<\/strong> pero no lograron evitar el deceso del trabajador <strong>identificado como Miguel \u00c1ngel Ayora.<\/strong><\/span><\/p>\n<p><span style=\"color: #000000;\">Se labraron actuaciones en &#8216;<em><strong>Averiguaci\u00f3n causales de muerte<\/strong><\/em>&#8216; bajo instrucci\u00f3n de la <strong>Unidad Fiscal de Comisar\u00eda 26\u00b0.<\/strong><\/span><\/p>\n","protected":false},"excerpt":{"rendered":"<p>Este mi\u00e9rcoles, un hombre de 67 a\u00f1os perdi\u00f3 la vida luego de descompensarse mientras estaba cosechando en una finca de Real &#8230;<\/p>\n","protected":false},"author":8,"featured_media":74986,"comment_status":"open","ping_status":"open","sticky":false,"template":"","format":"standard","meta":{"footnotes":""},"categories":[5,4],"tags":[],"class_list":["post-105299","post","type-post","status-publish","format-standard","has-post-thumbnail","hentry","category-actualidad","category-policiales"],"_links":{"self":[{"href":"https:\/\/vinasfm.com\/noticias\/wp-json\/wp\/v2\/posts\/105299","targetHints":{"allow":["GET"]}}],"collection":[{"href":"https:\/\/vinasfm.com\/noticias\/wp-json\/wp\/v2\/posts"}],"about":[{"href":"https:\/\/vinasfm.com\/noticias\/wp-json\/wp\/v2\/types\/post"}],"author":[{"embeddable":true,"href":"https:\/\/vinasfm.com\/noticias\/wp-json\/wp\/v2\/users\/8"}],"replies":[{"embeddable":true,"href":"https:\/\/vinasfm.com\/noticias\/wp-json\/wp\/v2\/comments?post=105299"}],"version-history":[{"count":4,"href":"https:\/\/vinasfm.com\/noticias\/wp-json\/wp\/v2\/posts\/105299\/revisions"}],"predecessor-version":[{"id":105368,"href":"https:\/\/vinasfm.com\/noticias\/wp-json\/wp\/v2\/posts\/105299\/revisions\/105368"}],"wp:featuredmedia":[{"embeddable":true,"href":"https:\/\/vinasfm.com\/noticias\/wp-json\/wp\/v2\/media\/74986"}],"wp:attachment":[{"href":"https:\/\/vinasfm.com\/noticias\/wp-json\/wp\/v2\/media?parent=105299"}],"wp:term":[{"taxonomy":"category","embeddable":true,"href":"https:\/\/vinasfm.com\/noticias\/wp-json\/wp\/v2\/categories?post=105299"},{"taxonomy":"post_tag","embeddable":true,"href":"https:\/\/vinasfm.com\/noticias\/wp-json\/wp\/v2\/tags?post=105299"}],"curies":[{"name":"wp","href":"https:\/\/api.w.org\/{rel}","templated":true}]}}