{"id":105286,"date":"2022-02-10T15:00:20","date_gmt":"2022-02-10T18:00:20","guid":{"rendered":"http:\/\/vinasfm.com\/noticias\/?p=105286"},"modified":"2022-02-11T18:46:59","modified_gmt":"2022-02-11T21:46:59","slug":"de-alvear-al-pais-periodistas-e-influencers-difundieron-las-bondades-de-nuestro-departamento","status":"publish","type":"post","link":"https:\/\/vinasfm.com\/noticias\/de-alvear-al-pais-periodistas-e-influencers-difundieron-las-bondades-de-nuestro-departamento\/","title":{"rendered":"DE ALVEAR AL PA\u00cdS: PERIODISTAS E INFLUENCERS DIFUNDIERON LAS BONDADES DE NUESTRO DEPARTAMENTO"},"content":{"rendered":"<h4><span style=\"color: #000000;\"><strong>Mar\u00eda P\u00eda Shaw, Milagros Masini, Federico Popgold y Nicol\u00e1s Peralta, periodistas e influencers reconocidos a nivel nacional, estuvieron el \u00faltimo fin de semana en nuestro Departamento, al igual que un m\u00f3vil de TN, quienes realizaron diversas actividades, presenciaron Vendimia de la luna y emitieron su voto para la elecci\u00f3n de la Reina 2.022.<\/strong><\/span><\/h4>\n<p><span style=\"color: #000000;\">Tanto los influencers como los periodistas de medios nacionales, <strong>experimentaron la cosecha, la elaboraci\u00f3n de dulce casero en Patio de Babushka, tuvieron un recorrido por Costanera Alvear, donde pudieron bajar en kayak, tirarse en la tirolesa, estuvieron en Bodega Fara\u00f3n, enriqueciendo los atractivos tur\u00edsticos que Alvear ofrece<\/strong>. Adem\u00e1s, ellos publicaban al instante sus experiencias en redes sociales.<\/span><\/p>\n<p><span style=\"color: #000000;\">La periodista <strong>Paula Bernini<\/strong> pudo mostrar las bellezas de nuestro Departamento al Pa\u00eds. Vides, vinos, frutas, conservas, chacinados, animales de granja y mucho verde, es todo lo que le llam\u00f3 la atenci\u00f3n aqu\u00ed.<\/span><\/p>\n<p><span style=\"color: #000000;\">Al referirse a General Alvear, Paula expres\u00f3: \u201c<strong><em>La gente es divina, nos dieron una bienvenida incre\u00edble, nos llenaron de regalos: uvas, melones, mermeladas, vinos y con lugares preciosos, llenos de verde. Pudimos vivir la Fiesta de la vendimia local, ver de qu\u00e9 se trata. Destaco la importancia que se le da a la carne, al vino, a la fruta. He disfrutado y aprendido bastante, porque nos explicaron c\u00f3mo hacer dulce casero, visitamos corrales de gallinas, chanchos, corderos, conejos y estuvimos degustando exquisitos vinos<\/em><\/strong>\u201d.<\/span><\/p>\n<p><span style=\"color: #000000;\"><span style=\"color: #000000;\">\u201c<\/span><em><b>Alvear es fabuloso, la gente reconoce nuestro trabajo, donde <\/b><span style=\"color: #000000;\"><b>dej\u00e1s<\/b><\/span><b>\u00a0casa, familia, vida y te bajas del motor home cansada a veces, con ganas de volver, entonces encontrar la energ\u00eda de la gente y en General Alvear puedo asegurar que la sent\u00ed, ah\u00ed me doy cuenta que esto vale la pena<\/b><\/em><span style=\"color: #000000;\">\u201d, concluy\u00f3.<\/span><\/span><\/p>\n<p><span style=\"color: #000000;\">El<strong> influencer Federico Popgold<\/strong> expres\u00f3: \u201c<strong><em>Estamos felices de estar en esta parte de Mendoza que no conoc\u00edamos y lo pasamos s\u00faper. Estuvimos en la fiesta de la vendimia donde pudimos votar a la nueva soberana departamental. General Alvear tiene una oferta muy variada, estuvimos en Costanera Alvear, donde nos tiramos en tirolesa<\/em><\/strong>\u201d.<\/span><\/p>\n<p><span style=\"color: #000000;\">Por su parte, <strong>Mili Masini<\/strong> resalt\u00f3: \u201c<strong><em>Pasamos un fin de semana espectacular, hicimos un mont\u00f3n de actividades. La gente nos recibi\u00f3 s\u00faper bien, estuvimos haciendo dulce de durazno y de ciruela, adem\u00e1s, anduve en kayak. En Alvear van a encontrar mucha naturaleza, descanso y un muy buen jam\u00f3n crudo<\/em><\/strong>\u201d.<\/span><\/p>\n<p><span style=\"color: #000000;\"><strong>Nicol\u00e1s Peralta<\/strong> se\u00f1al\u00f3: \u201c<strong><em>Vinimos por la Fiesta de la Vendimia donde tuvimos la posibilidad de votar por la nueva Reina, fuimos a bodegas, nos tiramos en tirolesa, experimentamos un show privado de un avi\u00f3n que hizo piruetas en el aire. Hay un mont\u00f3n de opciones en Alvear donde es para destacar la hospitalidad de su gente<\/em><\/strong>\u201d.<\/span><\/p>\n<p><span style=\"color: #000000;\"><strong>P\u00eda Shaw<\/strong> enfatiz\u00f3: \u201c<strong><em>Estamos felices en General Alvear, hicimos de todo, degustamos ricos vinos, paseamos por un mont\u00f3n de lugares. Hicimos dulces, una experiencia incre\u00edble, porque tuvimos que cosechar la fruta, lavarla, pelarla, cortarla, ponerla al fuego, luego envasamos, etiquetamos el frasco y nos llevamos nuestro dulce a casa. Quiero agradecer porque nos trataron b\u00e1rbaro, nos llevamos vino y productos regionales<\/em><\/strong>\u201d. Al referirse al Departamento, dijo: \u201c<strong><em>Este lugar es un para\u00edso donde pod\u00e9s descansar, te tratan bien, com\u00e9s rico. Adem\u00e1s, en Mendoza un vino siempre es un buen compa\u00f1ero<\/em><\/strong>\u201d.<\/span><\/p>\n<p><span style=\"color: #000000;\">Una de las vivencias que m\u00e1s llamaron la atenci\u00f3n a los visitantes, fue el concepto \u201c<strong><em>Mi Dulce Alvear<\/em><\/strong>\u201d, que brinda la posibilidad de llevarse la experiencia General Alvear a su hogar y compartirla con sus afectos, mediante la elaboraci\u00f3n propia de un dulce casero. Fue as\u00ed que cada uno vivi\u00f3 paso a paso, desde la cosecha del durazno hasta la producci\u00f3n, envasado y etiquetado del dulce, una forma innovadora de posicionar al durazno como producto.<\/span><\/p>\n<p><span style=\"color: #000000;\">El \u00e9xito de toda esta experiencia fue tal que logr\u00f3 una gran repercusi\u00f3n tanto en TN como en el canal Am\u00e9rica, donde nuestra Reina Departamental Carolina Sendra tuvo participaci\u00f3n. Adem\u00e1s la experiencia \u201c<strong><em>Mi Dulce Alvear<\/em><\/strong>\u201d tambi\u00e9n fue compartida en el programa de TELEFE de Ver\u00f3nica Lozano, \u201c<strong><em>Cort\u00e1 Por Lozano<\/em><\/strong>\u201d. En este mismo sentido la TV P\u00fablica visitar\u00e1 General Alvear la pr\u00f3xima semana para seguir difundiendo nuestras costumbres, nuestros sabores y nuestros lugares.<\/span><\/p>\n","protected":false},"excerpt":{"rendered":"<p>Mar\u00eda P\u00eda Shaw, Milagros Masini, Federico Popgold y Nicol\u00e1s Peralta, periodistas e influencers reconocidos a nivel nacional, estuvieron el \u00faltimo fin &#8230;<\/p>\n","protected":false},"author":8,"featured_media":105287,"comment_status":"open","ping_status":"open","sticky":false,"template":"","format":"standard","meta":{"footnotes":""},"categories":[5,10],"tags":[],"class_list":["post-105286","post","type-post","status-publish","format-standard","has-post-thumbnail","hentry","category-actualidad","category-destacadas"],"_links":{"self":[{"href":"https:\/\/vinasfm.com\/noticias\/wp-json\/wp\/v2\/posts\/105286","targetHints":{"allow":["GET"]}}],"collection":[{"href":"https:\/\/vinasfm.com\/noticias\/wp-json\/wp\/v2\/posts"}],"about":[{"href":"https:\/\/vinasfm.com\/noticias\/wp-json\/wp\/v2\/types\/post"}],"author":[{"embeddable":true,"href":"https:\/\/vinasfm.com\/noticias\/wp-json\/wp\/v2\/users\/8"}],"replies":[{"embeddable":true,"href":"https:\/\/vinasfm.com\/noticias\/wp-json\/wp\/v2\/comments?post=105286"}],"version-history":[{"count":1,"href":"https:\/\/vinasfm.com\/noticias\/wp-json\/wp\/v2\/posts\/105286\/revisions"}],"predecessor-version":[{"id":105288,"href":"https:\/\/vinasfm.com\/noticias\/wp-json\/wp\/v2\/posts\/105286\/revisions\/105288"}],"wp:featuredmedia":[{"embeddable":true,"href":"https:\/\/vinasfm.com\/noticias\/wp-json\/wp\/v2\/media\/105287"}],"wp:attachment":[{"href":"https:\/\/vinasfm.com\/noticias\/wp-json\/wp\/v2\/media?parent=105286"}],"wp:term":[{"taxonomy":"category","embeddable":true,"href":"https:\/\/vinasfm.com\/noticias\/wp-json\/wp\/v2\/categories?post=105286"},{"taxonomy":"post_tag","embeddable":true,"href":"https:\/\/vinasfm.com\/noticias\/wp-json\/wp\/v2\/tags?post=105286"}],"curies":[{"name":"wp","href":"https:\/\/api.w.org\/{rel}","templated":true}]}}