{"id":105284,"date":"2022-02-10T12:00:13","date_gmt":"2022-02-10T15:00:13","guid":{"rendered":"http:\/\/vinasfm.com\/noticias\/?p=105284"},"modified":"2022-02-11T18:54:04","modified_gmt":"2022-02-11T21:54:04","slug":"preocupante-crecen-los-casos-de-violencia-de-genero","status":"publish","type":"post","link":"https:\/\/vinasfm.com\/noticias\/preocupante-crecen-los-casos-de-violencia-de-genero\/","title":{"rendered":"PREOCUPANTE: CRECEN LOS CASOS DE VIOLENCIA DE G\u00c9NERO"},"content":{"rendered":"<h4><span style=\"color: #000000;\"><strong>Durante el fin de semana, se intervino en varios hechos de violencia de g\u00e9nero en la regi\u00f3n, causas por la que 9 hombres quedaron supeditados a procesos judiciales que se agravan en los casos de reincidencia.<\/strong><\/span><\/h4>\n<p><span style=\"color: #000000;\">El <strong>Subcomisario Jos\u00e9 L\u00f3pez<\/strong> brind\u00f3 detalles sobres los casos ocurridos en los \u00faltimos d\u00edas y los resultados de las intervenciones en <strong>jurisdicci\u00f3n de comisar\u00edas 14\u00b0 (Alvear), 46\u00b0 (Bowen) y 26\u00b0 (Villa Atuel)<\/strong>.<\/span><\/p>\n<p><span style=\"color: #000000;\">En la seccional policial situada en el distrito sanrafaelino de Villa Atuel <strong>hubo 4 sujetos detenidos por la mencionada raz\u00f3n<\/strong>, de los cuales <strong>resta definir el proceso correspondiente de uno de los aprehendidos<\/strong>.<\/span><\/p>\n<p><span style=\"color: #000000;\">La sede policial alvearense alberg\u00f3 en sus celdas a <strong>5 masculinos acusados de violencia de g\u00e9nero<\/strong>, de los cuales <strong>quedan 4 con medidas procesales<\/strong>.<\/span><\/p>\n<p><span style=\"color: #000000;\">&#8216;<strong><em>Este tipo de delitos es el que m\u00e1s trabajo le lleva al personal de las comisar\u00edas por la cantidad de medidas judiciales que se deben realizar para terminar con los expedientes de la justicia<\/em><\/strong>&#8216;, concluye el reporte oficial.<\/span><\/p>\n","protected":false},"excerpt":{"rendered":"<p>Durante el fin de semana, se intervino en varios hechos de violencia de g\u00e9nero en la regi\u00f3n, causas por la que &#8230;<\/p>\n","protected":false},"author":8,"featured_media":101629,"comment_status":"open","ping_status":"open","sticky":false,"template":"","format":"standard","meta":{"footnotes":""},"categories":[5,4],"tags":[],"class_list":["post-105284","post","type-post","status-publish","format-standard","has-post-thumbnail","hentry","category-actualidad","category-policiales"],"_links":{"self":[{"href":"https:\/\/vinasfm.com\/noticias\/wp-json\/wp\/v2\/posts\/105284","targetHints":{"allow":["GET"]}}],"collection":[{"href":"https:\/\/vinasfm.com\/noticias\/wp-json\/wp\/v2\/posts"}],"about":[{"href":"https:\/\/vinasfm.com\/noticias\/wp-json\/wp\/v2\/types\/post"}],"author":[{"embeddable":true,"href":"https:\/\/vinasfm.com\/noticias\/wp-json\/wp\/v2\/users\/8"}],"replies":[{"embeddable":true,"href":"https:\/\/vinasfm.com\/noticias\/wp-json\/wp\/v2\/comments?post=105284"}],"version-history":[{"count":2,"href":"https:\/\/vinasfm.com\/noticias\/wp-json\/wp\/v2\/posts\/105284\/revisions"}],"predecessor-version":[{"id":105336,"href":"https:\/\/vinasfm.com\/noticias\/wp-json\/wp\/v2\/posts\/105284\/revisions\/105336"}],"wp:featuredmedia":[{"embeddable":true,"href":"https:\/\/vinasfm.com\/noticias\/wp-json\/wp\/v2\/media\/101629"}],"wp:attachment":[{"href":"https:\/\/vinasfm.com\/noticias\/wp-json\/wp\/v2\/media?parent=105284"}],"wp:term":[{"taxonomy":"category","embeddable":true,"href":"https:\/\/vinasfm.com\/noticias\/wp-json\/wp\/v2\/categories?post=105284"},{"taxonomy":"post_tag","embeddable":true,"href":"https:\/\/vinasfm.com\/noticias\/wp-json\/wp\/v2\/tags?post=105284"}],"curies":[{"name":"wp","href":"https:\/\/api.w.org\/{rel}","templated":true}]}}