{"id":105254,"date":"2022-02-09T08:00:31","date_gmt":"2022-02-09T11:00:31","guid":{"rendered":"http:\/\/vinasfm.com\/noticias\/?p=105254"},"modified":"2022-02-09T09:05:17","modified_gmt":"2022-02-09T12:05:17","slug":"mas-de-2-mil-proyectos-presentados-en-el-1-llamado-de-mendoza-activa-iii","status":"publish","type":"post","link":"https:\/\/vinasfm.com\/noticias\/mas-de-2-mil-proyectos-presentados-en-el-1-llamado-de-mendoza-activa-iii\/","title":{"rendered":"M\u00c1S DE 2 MIL PROYECTOS PRESENTADOS EN EL 1\u00b0 LLAMADO DE MENDOZA ACTIVA III"},"content":{"rendered":"<h4><span style=\"color: #000000;\"><strong>Mendoza Activa, el programa de fomento a la inversi\u00f3n impulsado por el Gobierno de Mendoza a trav\u00e9s del Ministerio de Econom\u00eda y Energ\u00eda, sigue captando la atenci\u00f3n de miles de mendocinos que ven en este programa una verdadera alternativa de crecimiento. \u00a0<\/strong><\/span><\/h4>\n<p><span style=\"color: #000000;\">Tras el cierre de la primera convocatoria de la tercera edici\u00f3n, desde la cartera econ\u00f3mica se elabor\u00f3 un informe que muestra a las claras el impacto positivo que ha generado el programa en la econom\u00eda provincial. Con 2.665 proyectos presentados, inversiones por $16.603.735.514 y ANR estimados en $5.380.462.870, se alcanz\u00f3 un nuevo r\u00e9cord. \u00a0<\/span><\/p>\n<p><span style=\"color: #000000;\">\u201cEsta iniciativa ha llegado para impulsar la econom\u00eda de todos los mendocinos. Cada una de las l\u00edneas que hemos incorporado a esta herramienta ha ido captando cada vez m\u00e1s la atenci\u00f3n de miles de familias, pymes e instituciones que ven en Mendoza Activa una verdadera alternativa de desarrollo y crecimiento. Los resultados obtenidos en esta primera instancia son una muestra clara de la necesidad que hab\u00eda de contar con una herramienta que incentivara la inversi\u00f3n\u201d, coment\u00f3 Enrique Vaqui\u00e9, ministro de Econom\u00eda y Energ\u00eda. \u00a0<\/span><\/p>\n<p><span style=\"color: #000000;\">Haciendo una comparaci\u00f3n, el titular de la cartera econ\u00f3mica provincial record\u00f3: \u201cSi tenemos en cuenta las primera dos ediciones, podemos apreciar el crecimiento del inter\u00e9s de los mendocinos por formar parte. En la primera edici\u00f3n cerramos con 3.385 proyectos en diez convocatorias, mientras que el Mendoza Activa 2 sumaron m\u00e1s de 5.300 proyectos en cuatro convocatorias. Si la curva de inversi\u00f3n contin\u00faa de esta manera, en el pr\u00f3ximo llamado se cubrir\u00e1 la totalidad de proyectos e inversiones que gener\u00f3 el Mendoza Activa 2 en cuatro instancias\u201d. \u00a0<\/span><\/p>\n<p><span style=\"color: #000000;\">Vaqui\u00e9 adelant\u00f3 que para poder cumplir con estos m\u00e1s de 2.200 proyectos, se ha decidido que la convocatoria comience el 20 de marzo y se extender\u00e1 hasta el 31 de ese mismo mes: \u201cQueremos dar respuesta r\u00e1pida a quienes decidieron sumarse a esta iniciativa y queremos hacerlo en el menor tiempo posible. Los mendocinos estamos mostrando que, a pesar de la crisis que se vive, la inflaci\u00f3n y la pandemia, se quiere invertir. Es algo propio de los mendocinos porque estamos c\u00f3modos en nuestra provincia y el Gobernador Suarez encontr\u00f3 una herramienta que facilite eso\u201d. \u00a0<\/span><\/p>\n<p><span style=\"color: #000000;\">Consultado Vaqui\u00e9 sobre la posibilidad de incorporar nuevas l\u00edneas, destac\u00f3: \u201cYa estamos trabajando en nuevas alternativas de inversi\u00f3n para incorporar al programa. Comenzamos con 8 y actualmente tenemos a disposici\u00f3n 29. Una de las intenciones es poner a disposici\u00f3n una l\u00ednea que permita a las pymes mendocinas avanzar en certificaciones de normas de calidad. Esto les permitir\u00e1 mejorar puertas adentro y captar nuevos mercados\u201d, remarc\u00f3 el funcionario.\u00a0\u00a0\u00a0\u00a0<\/span><\/p>\n<p><span style=\"color: #000000;\">Del informe se desprenden varios datos de inter\u00e9s. Solo el rubro Construcci\u00f3n, en todas sus posibilidades, gener\u00f3 la presentaci\u00f3n de 864 proyectos con inversiones estimadas en $9.825.470.957 y reintegros por $3.186.637.825. \u00a0<\/span><\/p>\n<p><span style=\"color: #000000;\">Sobre esta l\u00ednea, Vaqui\u00e9 cerr\u00f3: \u201cQuienes presenten un proyecto de inversi\u00f3n para la construcci\u00f3n de su primera vivienda no solo obtendr\u00e1n el reintegro del 40% de la inversi\u00f3n a realizar sino que adem\u00e1s el programa prev\u00e9 el adelanto de un 15% extra para el inicio de la obra. De esta manera, con ese porcentaje extra se puede avanzar r\u00e1pidamente con los primeros trabajos de obra a trav\u00e9s de la compra de materiales por anticipado y gan\u00e1ndole a la inflaci\u00f3n, en parte, congelando costos\u201d.\u00a0<\/span><\/p>\n<p><span style=\"color: #000000;\">El segundo rubro en orden de importancia, en cuanto a cantidad de proyectos presentados e inversiones a realizar, fue el\u00a0de Capital de Trabajo. La l\u00ednea, orientada a brindar una alternativa de inversi\u00f3n para el\u00a0sector comercial y el de servicios, acumul\u00f3 637 proyectos por un total de $2.039.433.363 en inversi\u00f3n y $\u00a0612.533.677 en aportes no reembolsables (ANR). \u00a0<\/span><\/p>\n<p><span style=\"color: #000000;\">La l\u00ednea orientada a fomentar la inversi\u00f3n en\u00a0equipamiento para el personal docente\u00a0(compra de\u00a0<em>notebook\u00a0<\/em>o\u00a0<em>tablet<\/em>) fue la tercera m\u00e1s elegida, con 261 proyectos cargados a trav\u00e9s del Sistema Ticket. Este rubro generar\u00e1 inversiones por $35.155.058 y reintegros estimados en $12.869.460. \u00a0<\/span><\/p>\n<p><span style=\"color: #000000;\">Si se tienen en cuenta todas las l\u00edneas vinculadas al sector agr\u00edcola de la provincia, los niveles de inversi\u00f3n ascienden a $1.363.141.457 y ANR por $502.551.017. Esto es producto de la presentaci\u00f3n de 201 proyectos. Solo en\u00a0Eficiencia de Riego<strong>\u00a0<\/strong>se marc\u00f3 una fuerte tendencia de crecimiento. Es que, con un total de 60 proyectos presentados, productores locales invertir\u00e1n un total de $431.913.602 con reintegros por $152.236.116.\u00a0\u00a0\u00a0\u00a0\u00a0<\/span><\/p>\n<h4><span style=\"color: #000000;\"><strong>Fuerte inversi\u00f3n en clubes deportivos \u00a0<\/strong><\/span><\/h4>\n<p><span style=\"color: #000000;\">Desde la cartera econ\u00f3mica se decidi\u00f3 incorporar esta l\u00ednea, que era muy demandada desde el sector y tuvo muy buena repercusi\u00f3n tras este primer llamado. Seg\u00fan detalla el informe, son 12 los proyectos presentados por instituciones deportivas interesadas en realizar inversiones que permitan la mejora, principalmente, de sus infraestructuras. \u00a0<\/span><\/p>\n<p><span style=\"color: #000000;\">Este subprograma se divide en dos l\u00edneas que tienen que ver con inversiones orientadas a la mejora de infraestructuras deportivas y con equipamiento deportivo.<\/span><\/p>\n<p><span style=\"color: #000000;\">En el primer caso se presentaron 5 proyectos de inversi\u00f3n por un total de $55.381.495 y reintegros estimados en $12.923.200. En tanto, la l\u00ednea de equipamiento deportivo gener\u00f3 registr\u00f3 7 proyectos de inversi\u00f3n por $31.873.735 y ANR estimados en $9.349.494.\u00a0\u00a0\u00a0\u00a0<\/span><\/p>\n<h4><span style=\"color: #000000;\"><strong>Programa con fuerte acento federal \u00a0<\/strong><\/span><\/h4>\n<p><span style=\"color: #000000;\">Uno de los objetivos principales de este programa fue llegar con el beneficio del reintegro del 40% de lo invertido a cada familia, pyme e instituci\u00f3n de la provincia que presentara un proyecto. \u00a0<\/span><\/p>\n<p><span style=\"color: #000000;\">Tras conocerse los resultados de esta nueva convocatoria, se supo que el departamento de Luj\u00e1n de Cuyo fue el que m\u00e1s proyectos de inversi\u00f3n present\u00f3, con 352 tickets generados. Le sigui\u00f3, muy de cerca, San Rafael (346); luego, Guaymall\u00e9n (265), Maip\u00fa (241), Capital (222), Godoy Cruz (193), San Mart\u00edn (131), Las Heras (107), General Alvear (84), Tunuy\u00e1n (60), Jun\u00edn (51), Malarg\u00fce (47), Rivadavia (47), San Carlos (40), Lavalle (30), Tupungato (27), Santa Rosa (13) y La Paz (9). \u00a0<\/span><\/p>\n<p><span style=\"color: #000000;\">En cuanto a inversiones, el departamento donde m\u00e1s proyectos se presentaron, Luj\u00e1n de Cuyo, aguarda inversiones por $3.860.429.628 y aportes no reembolsables de hasta $1.225.609.655. San Rafael, en tanto, prev\u00e9 inversiones por $2.010.233.788 y reintegros estimados en $729.361.211. En tercer lugar se ubic\u00f3 el departamento de Guaymall\u00e9n, con proyectos de inversi\u00f3n que ascienden a $1.703.192.531 y reintegros por $501.782.170 \u00a0<\/span><\/p>\n<h4><span style=\"color: #000000;\"><strong>Pr\u00f3xima apertura \u00a0<\/strong><\/span><\/h4>\n<p><span style=\"color: #000000;\">Desde Econom\u00eda adelantaron que el segundo llamado est\u00e1 previsto desde el pr\u00f3ximo 20 de marzo y se extender\u00e1 por 10 d\u00edas. \u00a0<\/span><\/p>\n<p><span style=\"color: #000000;\">Para m\u00e1s informaci\u00f3n, ingresar en<\/span><strong>\u00a0<a href=\"https:\/\/www.mendoza.gov.ar\/mendozaactiva\/\" target=\"_blank\" rel=\"noreferrer noopener\">https:\/\/www.mendoza.gov.ar\/mendozaactiva\/<\/a>\u00a0\u00a0<\/strong><\/p>\n","protected":false},"excerpt":{"rendered":"<p>Mendoza Activa, el programa de fomento a la inversi\u00f3n impulsado por el Gobierno de Mendoza a trav\u00e9s del Ministerio de Econom\u00eda &#8230;<\/p>\n","protected":false},"author":8,"featured_media":105255,"comment_status":"open","ping_status":"open","sticky":false,"template":"","format":"standard","meta":{"footnotes":""},"categories":[5,16],"tags":[],"class_list":["post-105254","post","type-post","status-publish","format-standard","has-post-thumbnail","hentry","category-actualidad","category-economia"],"_links":{"self":[{"href":"https:\/\/vinasfm.com\/noticias\/wp-json\/wp\/v2\/posts\/105254","targetHints":{"allow":["GET"]}}],"collection":[{"href":"https:\/\/vinasfm.com\/noticias\/wp-json\/wp\/v2\/posts"}],"about":[{"href":"https:\/\/vinasfm.com\/noticias\/wp-json\/wp\/v2\/types\/post"}],"author":[{"embeddable":true,"href":"https:\/\/vinasfm.com\/noticias\/wp-json\/wp\/v2\/users\/8"}],"replies":[{"embeddable":true,"href":"https:\/\/vinasfm.com\/noticias\/wp-json\/wp\/v2\/comments?post=105254"}],"version-history":[{"count":1,"href":"https:\/\/vinasfm.com\/noticias\/wp-json\/wp\/v2\/posts\/105254\/revisions"}],"predecessor-version":[{"id":105258,"href":"https:\/\/vinasfm.com\/noticias\/wp-json\/wp\/v2\/posts\/105254\/revisions\/105258"}],"wp:featuredmedia":[{"embeddable":true,"href":"https:\/\/vinasfm.com\/noticias\/wp-json\/wp\/v2\/media\/105255"}],"wp:attachment":[{"href":"https:\/\/vinasfm.com\/noticias\/wp-json\/wp\/v2\/media?parent=105254"}],"wp:term":[{"taxonomy":"category","embeddable":true,"href":"https:\/\/vinasfm.com\/noticias\/wp-json\/wp\/v2\/categories?post=105254"},{"taxonomy":"post_tag","embeddable":true,"href":"https:\/\/vinasfm.com\/noticias\/wp-json\/wp\/v2\/tags?post=105254"}],"curies":[{"name":"wp","href":"https:\/\/api.w.org\/{rel}","templated":true}]}}