{"id":105204,"date":"2022-02-08T00:01:19","date_gmt":"2022-02-08T03:01:19","guid":{"rendered":"http:\/\/vinasfm.com\/noticias\/?p=105204"},"modified":"2022-02-08T18:33:34","modified_gmt":"2022-02-08T21:33:34","slug":"dos-motociclistas-resultaron-lesionados-tras-colisionar-con-un-vehiculo-en-b-san-carlos","status":"publish","type":"post","link":"https:\/\/vinasfm.com\/noticias\/dos-motociclistas-resultaron-lesionados-tras-colisionar-con-un-vehiculo-en-b-san-carlos\/","title":{"rendered":"DOS MOTOCICLISTAS RESULTARON LESIONADOS TRAS COLISIONAR CON UN VEH\u00cdCULO EN B\u00b0 SAN CARLOS"},"content":{"rendered":"<h4><span style=\"color: #000000;\"><strong>Un hombre y su acompa\u00f1ante, a bordo de una motocicleta, sufrieron lesiones leves luego de participar de un accidente de tr\u00e1nsito en la intersecci\u00f3n de calles Buenos Aires y Arist\u00f3bulo del Valle.<\/strong><\/span><\/h4>\n<p><span style=\"color: #000000;\">El siniestro vial ocurri\u00f3 alrededor de las <strong>13:30hs de este domingo<\/strong> en dicho cruce y fue protagonizado por un <strong>veh\u00edculo marca Ford Focus<\/strong> al mando de un hombre mayor de edad y una <strong>motocicleta marca Zanella<\/strong> en la que circulaba una pareja.<\/span><\/p>\n<p><span style=\"color: #000000;\">Desde <strong>Polic\u00eda Vial<\/strong> reconstruyeron el hecho en dialogo con <strong>F.M. Vi\u00f1as<\/strong> rese\u00f1ando que <strong>el autom\u00f3vil se desplazaba hacia el norte por calle Buenos Aires<\/strong> mientras que <strong>el rodado menor transitaba hacia el este por Arist\u00f3bulo del Valle<\/strong>.<\/span><\/p>\n<p><span style=\"color: #000000;\">A ra\u00edz del impacto, <strong>los pasajeros de la Zanella cayeron pesadamente al suelo motivo<\/strong> por el que fueron trasladados al <strong>Hospital Enfermeros Argentinos donde fueron asistidos por las lesiones que revest\u00edan<\/strong>.<\/span><\/p>\n<p><span style=\"color: #000000;\">Trabaj\u00f3 personal de Comisar\u00eda 14\u00b0 y Polic\u00eda Vial bajo instrucci\u00f3n de la <strong>Unidad Fiscal de General Alvear<\/strong> en el marco de la causa caratulada como &#8216;<strong><em>Averiguaci\u00f3n lesiones culposas<\/em><\/strong>&#8216;.<\/span><\/p>\n","protected":false},"excerpt":{"rendered":"<p>Un hombre y su acompa\u00f1ante, a bordo de una motocicleta, sufrieron lesiones leves luego de participar de un accidente de tr\u00e1nsito &#8230;<\/p>\n","protected":false},"author":8,"featured_media":25905,"comment_status":"open","ping_status":"open","sticky":false,"template":"","format":"standard","meta":{"footnotes":""},"categories":[5,4],"tags":[],"class_list":["post-105204","post","type-post","status-publish","format-standard","has-post-thumbnail","hentry","category-actualidad","category-policiales"],"_links":{"self":[{"href":"https:\/\/vinasfm.com\/noticias\/wp-json\/wp\/v2\/posts\/105204","targetHints":{"allow":["GET"]}}],"collection":[{"href":"https:\/\/vinasfm.com\/noticias\/wp-json\/wp\/v2\/posts"}],"about":[{"href":"https:\/\/vinasfm.com\/noticias\/wp-json\/wp\/v2\/types\/post"}],"author":[{"embeddable":true,"href":"https:\/\/vinasfm.com\/noticias\/wp-json\/wp\/v2\/users\/8"}],"replies":[{"embeddable":true,"href":"https:\/\/vinasfm.com\/noticias\/wp-json\/wp\/v2\/comments?post=105204"}],"version-history":[{"count":2,"href":"https:\/\/vinasfm.com\/noticias\/wp-json\/wp\/v2\/posts\/105204\/revisions"}],"predecessor-version":[{"id":105212,"href":"https:\/\/vinasfm.com\/noticias\/wp-json\/wp\/v2\/posts\/105204\/revisions\/105212"}],"wp:featuredmedia":[{"embeddable":true,"href":"https:\/\/vinasfm.com\/noticias\/wp-json\/wp\/v2\/media\/25905"}],"wp:attachment":[{"href":"https:\/\/vinasfm.com\/noticias\/wp-json\/wp\/v2\/media?parent=105204"}],"wp:term":[{"taxonomy":"category","embeddable":true,"href":"https:\/\/vinasfm.com\/noticias\/wp-json\/wp\/v2\/categories?post=105204"},{"taxonomy":"post_tag","embeddable":true,"href":"https:\/\/vinasfm.com\/noticias\/wp-json\/wp\/v2\/tags?post=105204"}],"curies":[{"name":"wp","href":"https:\/\/api.w.org\/{rel}","templated":true}]}}