{"id":105191,"date":"2022-02-08T00:01:23","date_gmt":"2022-02-08T03:01:23","guid":{"rendered":"http:\/\/vinasfm.com\/noticias\/?p=105191"},"modified":"2022-02-08T18:33:56","modified_gmt":"2022-02-08T21:33:56","slug":"familia-de-turistas-volco-con-su-vehiculo-en-la-curva-de-colonia-lopez","status":"publish","type":"post","link":"https:\/\/vinasfm.com\/noticias\/familia-de-turistas-volco-con-su-vehiculo-en-la-curva-de-colonia-lopez\/","title":{"rendered":"FAMILIA DE TURISTAS VOLC\u00d3 CON SU VEH\u00cdCULO EN LA CURVA DE COLONIA L\u00d3PEZ"},"content":{"rendered":"<h4><span style=\"color: #000000;\"><strong>En horas de la ma\u00f1ana de este lunes, una familia oriunda de Buenos Aires volc\u00f3 con su veh\u00edculo sobre Ruta 143 en la curva de Colonia L\u00f3pez, Villa Atuel, resultando lesionada una de las pasajeras.<\/strong><\/span><\/h4>\n<p><span style=\"color: #000000;\">Desde<strong> Polic\u00eda Vial<\/strong> informaron en di\u00e1logo con <strong>F.M. Vi\u00f1as<\/strong> que alrededor de las <strong>08:05hs<\/strong> fueron alertados al 911 sobre el <strong>vuelco de un autom\u00f3vil marca Peugeot<\/strong>\u00a0(imagen) por lo que personal de Comisar\u00eda 26\u00b0 acudi\u00f3 al escenario del siniestro.<\/span><\/p>\n<p><span style=\"color: #000000;\">Al llegar constataron que<strong> en el rodado viajaba un familia compuesta por una pareja y sus dos hijos menores de edad<\/strong>, los cuales regresaban a Buenos Aires tras vacacionar en San Rafael. Al entrevistar al conductor reconstruy\u00f3 que <em><b>al dirigirse de oeste a este perdi\u00f3 el dominio en la curva de Colonia L\u00f3pez y volc\u00f3 a la vera de la ruta, arrancando\u00a0alambrados de un campo<\/b><\/em>.<\/span><\/p>\n<p><span style=\"color: #000000;\">A ra\u00edz del hecho, <strong>los tres acompa\u00f1antes fueron trasladados por la ambulancia de Villa Atuel al Hospital Enfermeros Argentinos<\/strong> donde fueron diagnosticados: con<strong><em> lesiones de car\u00e1cter leves<\/em><\/strong> para la mujer mientras que <strong>los ni\u00f1os resultaron ilesos<\/strong>.<\/span><\/p>\n<p><span style=\"color: #000000;\">Se labraron actuaciones en &#8216;<strong><em>Averiguaci\u00f3n lesiones culposas<\/em><\/strong>&#8216; bajo instrucci\u00f3n de la Unidad Fiscal de Comisar\u00eda 26\u00b0.<\/span><\/p>\n","protected":false},"excerpt":{"rendered":"<p>En horas de la ma\u00f1ana de este lunes, una familia oriunda de Buenos Aires volc\u00f3 con su veh\u00edculo sobre Ruta 143 &#8230;<\/p>\n","protected":false},"author":8,"featured_media":105192,"comment_status":"open","ping_status":"open","sticky":false,"template":"","format":"standard","meta":{"footnotes":""},"categories":[5,4],"tags":[],"class_list":["post-105191","post","type-post","status-publish","format-standard","has-post-thumbnail","hentry","category-actualidad","category-policiales"],"_links":{"self":[{"href":"https:\/\/vinasfm.com\/noticias\/wp-json\/wp\/v2\/posts\/105191","targetHints":{"allow":["GET"]}}],"collection":[{"href":"https:\/\/vinasfm.com\/noticias\/wp-json\/wp\/v2\/posts"}],"about":[{"href":"https:\/\/vinasfm.com\/noticias\/wp-json\/wp\/v2\/types\/post"}],"author":[{"embeddable":true,"href":"https:\/\/vinasfm.com\/noticias\/wp-json\/wp\/v2\/users\/8"}],"replies":[{"embeddable":true,"href":"https:\/\/vinasfm.com\/noticias\/wp-json\/wp\/v2\/comments?post=105191"}],"version-history":[{"count":3,"href":"https:\/\/vinasfm.com\/noticias\/wp-json\/wp\/v2\/posts\/105191\/revisions"}],"predecessor-version":[{"id":105214,"href":"https:\/\/vinasfm.com\/noticias\/wp-json\/wp\/v2\/posts\/105191\/revisions\/105214"}],"wp:featuredmedia":[{"embeddable":true,"href":"https:\/\/vinasfm.com\/noticias\/wp-json\/wp\/v2\/media\/105192"}],"wp:attachment":[{"href":"https:\/\/vinasfm.com\/noticias\/wp-json\/wp\/v2\/media?parent=105191"}],"wp:term":[{"taxonomy":"category","embeddable":true,"href":"https:\/\/vinasfm.com\/noticias\/wp-json\/wp\/v2\/categories?post=105191"},{"taxonomy":"post_tag","embeddable":true,"href":"https:\/\/vinasfm.com\/noticias\/wp-json\/wp\/v2\/tags?post=105191"}],"curies":[{"name":"wp","href":"https:\/\/api.w.org\/{rel}","templated":true}]}}