{"id":105176,"date":"2022-02-07T00:01:21","date_gmt":"2022-02-07T03:01:21","guid":{"rendered":"http:\/\/vinasfm.com\/noticias\/?p=105176"},"modified":"2022-02-07T18:22:07","modified_gmt":"2022-02-07T21:22:07","slug":"ajedrez-camilo-lieby-hizo-podio-en-el-verano-de-regatas","status":"publish","type":"post","link":"https:\/\/vinasfm.com\/noticias\/ajedrez-camilo-lieby-hizo-podio-en-el-verano-de-regatas\/","title":{"rendered":"AJEDREZ: CAMILO LIEBY HIZO PODIO EN EL VERANO DE &#8216;REGATAS&#8217;"},"content":{"rendered":"<h4><strong><span style=\"color: #000000;\">El joven Alvearense se qued\u00f3 con un meritorio 3\u00ba Puesto en el torneo Sub 1800 \u201cCopa de Verano 2022\u201d organizado por el prestigioso Club \u201cMendoza Regatas\u201d.<\/span><\/strong><\/h4>\n<p><span style=\"color: #000000;\">Entre el viernes 4 y el domingo 6 de febrero, se disput\u00f3 en la ciudad de Mendoza, el torneo v\u00e1lido al Ranking Internacional de la Federaci\u00f3n Internacional de Ajedrez, \u201c<strong><em>Copa de Verano 2022<\/em><\/strong>\u201d, que reuni\u00f3 a fuertes jugadores Sub 1800 de ELO de toda la regi\u00f3n.<\/span><\/p>\n<p><span style=\"color: #000000;\">El joven Alvearense Camilo Lieby, de 15 a\u00f1os de edad, vigente Campe\u00f3n Provincial de la Categor\u00eda Sub 16, lleg\u00f3 hasta el Club \u201cRegatas\u201d para retomar sus participaciones presenciales, que no han sido demasiadas durante el \u00faltimo tiempo. El \u00faltimo encuentro v\u00e1lido al Ranking del que particip\u00f3 fue en febrero de 2021 en La Punta, San Luis, cuando logr\u00f3 el Campeonato Sub 1600 \u201cComplejo Betania\u201d.<\/span><\/p>\n<p><span style=\"color: #000000;\">El torneo en \u201cRegatas\u201d, se disput\u00f3 a un ritmo de 30 minutos + 30 segundos de incremento por jugada, por jugador, y a 7 rondas, y el \u00fanico Alvearense presente en la competencia, obtuvo 4 victorias, 2 empates y una derrota, y qued\u00f3 en el 3\u00ba puesto, a s\u00f3lo medio punto del Sub Campe\u00f3n.<\/span><\/p>\n<h4><span style=\"color: #000000;\"><strong>Principales Posiciones, entre 25 jugadores:<\/strong><\/span><\/h4>\n<p><span style=\"color: #000000;\"><strong>1\u00ba Jerem\u00edas Isgro 6 Pts<\/strong><\/span><\/p>\n<p><span style=\"color: #000000;\"><strong>2\u00ba Fabio Morales 5,5 Pts<\/strong><\/span><\/p>\n<p><span style=\"color: #000000;\"><strong>3\u00ba Camilo Lieby 5 Pts<\/strong><\/span><\/p>\n<p><span style=\"color: #000000;\">4\u00ba Nicol\u00e1s Marengo 5 Pts<\/span><\/p>\n<p><span style=\"color: #000000;\">5\u00ba Jer\u00f3nimo Curi 4,5 Pts<\/span><\/p>\n<p><span style=\"color: #000000;\">6\u00ba Fernando Juri 4,5 Pts<\/span><\/p>\n<p><span style=\"color: #000000;\">7\u00ba Nicol\u00e1s Boccia 4 Pts<\/span><\/p>\n<p><span style=\"color: #000000;\">8\u00ba Jorge Porolli 4 Pts<\/span><\/p>\n<p><span style=\"color: #000000;\">9\u00ba Dami\u00e1n Sortino 3 Pts<\/span><\/p>\n<p><span style=\"color: #000000;\">10\u00ba Christian Otero 3 Pts<\/span><\/p>\n","protected":false},"excerpt":{"rendered":"<p>El joven Alvearense se qued\u00f3 con un meritorio 3\u00ba Puesto en el torneo Sub 1800 \u201cCopa de Verano 2022\u201d organizado por &#8230;<\/p>\n","protected":false},"author":8,"featured_media":105177,"comment_status":"open","ping_status":"open","sticky":false,"template":"","format":"standard","meta":{"footnotes":""},"categories":[5,3],"tags":[],"class_list":["post-105176","post","type-post","status-publish","format-standard","has-post-thumbnail","hentry","category-actualidad","category-deportes"],"_links":{"self":[{"href":"https:\/\/vinasfm.com\/noticias\/wp-json\/wp\/v2\/posts\/105176","targetHints":{"allow":["GET"]}}],"collection":[{"href":"https:\/\/vinasfm.com\/noticias\/wp-json\/wp\/v2\/posts"}],"about":[{"href":"https:\/\/vinasfm.com\/noticias\/wp-json\/wp\/v2\/types\/post"}],"author":[{"embeddable":true,"href":"https:\/\/vinasfm.com\/noticias\/wp-json\/wp\/v2\/users\/8"}],"replies":[{"embeddable":true,"href":"https:\/\/vinasfm.com\/noticias\/wp-json\/wp\/v2\/comments?post=105176"}],"version-history":[{"count":2,"href":"https:\/\/vinasfm.com\/noticias\/wp-json\/wp\/v2\/posts\/105176\/revisions"}],"predecessor-version":[{"id":105180,"href":"https:\/\/vinasfm.com\/noticias\/wp-json\/wp\/v2\/posts\/105176\/revisions\/105180"}],"wp:featuredmedia":[{"embeddable":true,"href":"https:\/\/vinasfm.com\/noticias\/wp-json\/wp\/v2\/media\/105177"}],"wp:attachment":[{"href":"https:\/\/vinasfm.com\/noticias\/wp-json\/wp\/v2\/media?parent=105176"}],"wp:term":[{"taxonomy":"category","embeddable":true,"href":"https:\/\/vinasfm.com\/noticias\/wp-json\/wp\/v2\/categories?post=105176"},{"taxonomy":"post_tag","embeddable":true,"href":"https:\/\/vinasfm.com\/noticias\/wp-json\/wp\/v2\/tags?post=105176"}],"curies":[{"name":"wp","href":"https:\/\/api.w.org\/{rel}","templated":true}]}}