{"id":105133,"date":"2022-02-07T05:34:05","date_gmt":"2022-02-07T08:34:05","guid":{"rendered":"http:\/\/vinasfm.com\/noticias\/?p=105133"},"modified":"2022-02-07T18:21:42","modified_gmt":"2022-02-07T21:21:42","slug":"oportunidad-laboral-seleccionaran-perfiles-tecnicos-para-el-programa-mendoza-futura","status":"publish","type":"post","link":"https:\/\/vinasfm.com\/noticias\/oportunidad-laboral-seleccionaran-perfiles-tecnicos-para-el-programa-mendoza-futura\/","title":{"rendered":"OPORTUNIDAD LABORAL: SELECCIONAR\u00c1N PERFILES T\u00c9CNICOS PARA EL PROGRAMA MENDOZA FUTURA"},"content":{"rendered":"<h4><span style=\"color: #000000;\"><strong>La exitosa iniciativa que cerr\u00f3 a principios de diciembre con la presentaci\u00f3n en la Nave Cultural de m\u00e1s de 50 proyectos y prototipos ideados por estudiantes de nivel medio, abre nuevamente su convocatoria para el 2022.<\/strong><\/span><\/h4>\n<p><span style=\"color: #000000;\">Durante este a\u00f1o se continuar\u00e1 con la tarea iniciada el pasado ciclo lectivo. Por eso, los primeros 6 meses se destinar\u00e1n a atender la demanda generada por el crecimiento vegetativo de los cursos dictados en la segunda mitad de 2021. En el segundo semestre del a\u00f1o, se incorporar\u00e1 el \u201cEpisodio 3\u201d, corolario de la formaci\u00f3n de la primera cohorte del Programa<\/span><\/p>\n<p><span style=\"color: #000000;\">Tal como ocurri\u00f3 en 2021, el dictado de los cursos estar\u00e1 a cargo de parejas pedag\u00f3gicas, encargadas de la articulaci\u00f3n de los saberes y habilidades. Para lo cual se convoca a personas que desempe\u00f1en el rol de facilitadores.<\/span><\/p>\n<p><span style=\"color: #000000;\">\u201cLa convocatoria est\u00e1 vigente desde fines del a\u00f1o pasado, hemos recibido varias postulaciones pero a\u00fan faltan mayor cantidad de talentos t\u00e9cnicos. Buscamos a docentes y alumnos avanzados que manejen varios lenguajes de programaci\u00f3n y que transmitan valores de trabajo en equipo, emprendedurismo e innovaci\u00f3n. Se implementa de manera federal en los 18 departamentos de la provincia y, debido al \u00e9xito obtenido en 2021, continuar\u00e1 en 2022 con un crecimiento que prev\u00e9 la cuadruplicaci\u00f3n de estudiantes alcanzados\u201d, explic\u00f3 Lucas Carballo, responsable de Mendoza Futura.<\/span><\/p>\n<p><span style=\"color: #000000;\">El programa se dictar\u00e1 en los turnos ma\u00f1ana y tarde, en todos los departamentos de Mendoza de forma presencial, entre abril y diciembre con una carga horaria semanal de cuatro horas.<\/span><\/p>\n<p><span style=\"color: #000000;\">La tarea ser\u00e1 rentada y los interesados, que deber\u00e1n ser monotributistas, podr\u00e1n postularse en el siguiente<\/span>\u00a0<a href=\"https:\/\/forms.gle\/wC1f4rmpaPZJJYog7\" target=\"_blank\" rel=\"noreferrer noopener\">enlace<\/a>\u00a0<span style=\"color: #000000;\">indicando turno disponible para el dictado, departamento en el cual pueden acudir de forma presencial y perfil al que postulan.<\/span><\/p>\n<p><span style=\"color: #000000;\">Mendoza Futura tiene como objetivo formar a j\u00f3venes de entre 15 y 18 a\u00f1os de toda la Provincia en habilidades tecnol\u00f3gicas e innovativas Transferibles para potenciar la empleabilidad futura en industrias y servicios basados en el conocimiento.<\/span><\/p>\n<h4><span style=\"color: #000000;\"><strong>Requisitos del perfil solicitado<\/strong><\/span><\/h4>\n<p><span style=\"color: #000000;\">Los postulantes para este perfil deber\u00e1n acreditar saberes involucrados a los siguientes contenidos:<\/span><\/p>\n<p><span style=\"color: #000000;\">Arquitectura del hardware y funcionamiento de sistemas y dispositivos digitales.<\/span><\/p>\n<p><span style=\"color: #000000;\">Inform\u00e1tica: Sistemas operativos. Software de aplicaci\u00f3n. Plataformas virtuales. Gesti\u00f3n de la identidad, ciudadan\u00eda digital y seguridad. Navegaci\u00f3n segura por internet: Identificar p\u00e1ginas seguras. Configuraci\u00f3n de privacidad. Redes. Contrase\u00f1as seguras. Antivirus. Crear cuenta de correo electr\u00f3nico.\u00a0Administrar perfil en servicios y aplicaciones. Gestionar y administrar recursos compartidos. Colaborar en la nube.\u00a0<\/span><\/p>\n<p><span style=\"color: #000000;\">Gesti\u00f3n y administraci\u00f3n de datos. Introducci\u00f3n al pensamiento computacional. L\u00f3gica, programaci\u00f3n. Introducci\u00f3n al pensamiento algor\u00edtmico. Lenguajes, c\u00f3digos.\u00a0 Exploraci\u00f3n de interfaz de programaci\u00f3n visual (M-block) para el desarrollo de proyectos de narrativas y videojuegos para trabajar a partir del paradigma de la programaci\u00f3n orientada a objetos vali\u00e9ndose de comandos simples (control, movimiento, apariencia, eventos, sensores, operadores, variables). Se desarrollan proyectos que incluyen arte 2D.<\/span><\/p>\n<p><span style=\"color: #000000;\">Programaci\u00f3n con Python. L\u00f3gica y programaci\u00f3n.\u00a0 Resoluci\u00f3n de problemas usando algoritmos. Lenguaje: interfaz de Python. Operadores y variables.<\/span><\/p>\n<p><span style=\"color: #000000;\">Perfil deseable: Ingeniero o estudiante avanzado de ingenier\u00eda en Sistemas. Ingeniero o estudiante avanzado de ingenier\u00eda en Mecatr\u00f3nica. Ingeniero o estudiante avanzado de ingenier\u00eda Electr\u00f3nica.\u00a0 Ingeniero o estudiante avanzado de Bioingenier\u00eda.\u00a0 Programador o estudiante de tecnicatura en Programaci\u00f3n.\u00a0 Analista de sistemas o estudiante avanzado.\u00a0 Licenciado en Ciencias de la Computaci\u00f3n o estudiante avanzado.<\/span><\/p>\n<p><span style=\"color: #000000;\">Para m\u00e1s informaci\u00f3n, escribir al correo electr\u00f3nico:<\/span>\u00a0<a href=\"mailto:mendozafuturatalento@gmail.com\" target=\"_blank\" rel=\"noreferrer noopener\">mendozafuturatalento@gmail.com<\/a>. <span style=\"color: #000000;\">Desde la organizaci\u00f3n informaron que no se admitir\u00e1 informaci\u00f3n adjunta a trav\u00e9s de correo electr\u00f3nico.<\/span><\/p>\n","protected":false},"excerpt":{"rendered":"<p>La exitosa iniciativa que cerr\u00f3 a principios de diciembre con la presentaci\u00f3n en la Nave Cultural de m\u00e1s de 50 proyectos &#8230;<\/p>\n","protected":false},"author":8,"featured_media":105134,"comment_status":"open","ping_status":"open","sticky":false,"template":"","format":"standard","meta":{"footnotes":""},"categories":[5,10],"tags":[],"class_list":["post-105133","post","type-post","status-publish","format-standard","has-post-thumbnail","hentry","category-actualidad","category-destacadas"],"_links":{"self":[{"href":"https:\/\/vinasfm.com\/noticias\/wp-json\/wp\/v2\/posts\/105133","targetHints":{"allow":["GET"]}}],"collection":[{"href":"https:\/\/vinasfm.com\/noticias\/wp-json\/wp\/v2\/posts"}],"about":[{"href":"https:\/\/vinasfm.com\/noticias\/wp-json\/wp\/v2\/types\/post"}],"author":[{"embeddable":true,"href":"https:\/\/vinasfm.com\/noticias\/wp-json\/wp\/v2\/users\/8"}],"replies":[{"embeddable":true,"href":"https:\/\/vinasfm.com\/noticias\/wp-json\/wp\/v2\/comments?post=105133"}],"version-history":[{"count":2,"href":"https:\/\/vinasfm.com\/noticias\/wp-json\/wp\/v2\/posts\/105133\/revisions"}],"predecessor-version":[{"id":105136,"href":"https:\/\/vinasfm.com\/noticias\/wp-json\/wp\/v2\/posts\/105133\/revisions\/105136"}],"wp:featuredmedia":[{"embeddable":true,"href":"https:\/\/vinasfm.com\/noticias\/wp-json\/wp\/v2\/media\/105134"}],"wp:attachment":[{"href":"https:\/\/vinasfm.com\/noticias\/wp-json\/wp\/v2\/media?parent=105133"}],"wp:term":[{"taxonomy":"category","embeddable":true,"href":"https:\/\/vinasfm.com\/noticias\/wp-json\/wp\/v2\/categories?post=105133"},{"taxonomy":"post_tag","embeddable":true,"href":"https:\/\/vinasfm.com\/noticias\/wp-json\/wp\/v2\/tags?post=105133"}],"curies":[{"name":"wp","href":"https:\/\/api.w.org\/{rel}","templated":true}]}}