{"id":105101,"date":"2022-02-04T23:59:54","date_gmt":"2022-02-05T02:59:54","guid":{"rendered":"http:\/\/vinasfm.com\/noticias\/?p=105101"},"modified":"2022-02-07T09:09:54","modified_gmt":"2022-02-07T12:09:54","slug":"el-intendente-marcolini-participo-de-la-presentacion-de-lineamientos-para-el-ciclo-escolar-2022","status":"publish","type":"post","link":"https:\/\/vinasfm.com\/noticias\/el-intendente-marcolini-participo-de-la-presentacion-de-lineamientos-para-el-ciclo-escolar-2022\/","title":{"rendered":"EL INTENDENTE MARCOLINI PARTICIP\u00d3 DE LA PRESENTACI\u00d3N DE LINEAMIENTOS PARA EL CICLO ESCOLAR 2022"},"content":{"rendered":"<h4><span style=\"color: #000000;\"><strong>El Intendente Walther Marcolini, la Directora de Educaci\u00f3n Roxana Molero y el Diputado electo Jos\u00e9 Vilches, acompa\u00f1aron al Gobernador Rodolfo Suarez y al director General de Escuelas Jos\u00e9 Thomas, en la presentaci\u00f3n de los lineamientos pol\u00edticos-pedag\u00f3gicos para el Ciclo Escolar 2022, dirigida a los equipos directivos de toda la provincia.<\/strong><\/span><\/h4>\n<p><span style=\"color: #000000;\">Se trabaj\u00f3 junto a supervisores de todos los niveles y modalidades en el Auditorio \u00c1ngel Bustelo, el Centro de Congresos y Exposiciones y Casa de Gobierno, con el objetivo de poner en valor toda la labor efectuada por el sistema GEM Res, que posibilita el apoyo a las trayectorias escolares, a trav\u00e9s de tener identificados a todos los estudiantes con nombre, apellido, direcci\u00f3n y escuela a la que asisten.<\/span><\/p>\n<p><span style=\"color: #000000;\">Por otro lado, se articul\u00f3 con la Direcci\u00f3n de Planificaci\u00f3n de la Calidad Educativa de DGE todo lo previsto para 2022, advirtiendo cu\u00e1les fueron los resultados de 2021 y c\u00f3mo ser\u00e1 el despliegue de acciones, en consecuencia, para este a\u00f1o. Posteriormente, todos los directores de L\u00ednea con sus supervisores se ocupar\u00e1n de los lineamientos generales para cada uno de los niveles y modalidades.<\/span><\/p>\n<p><span style=\"color: #000000;\">Como en toda planificaci\u00f3n, se encuentran embebidas las priorizaciones que tienen que ver con los ejes de gesti\u00f3n, por lo cual tomaron injerencia los equipos t\u00e9cnicos de la Direcci\u00f3n de Planificaci\u00f3n de la Calidad Educativa en conjunto con las direcciones de L\u00ednea, a fin de acercar a las escuelas un mapa de recorrido por proyectos, programas e iniciativas que materializan los objetivos de cada uno de aquellos ejes.<\/span><\/p>\n<p><span style=\"color: #000000;\">En esta ocasi\u00f3n, se hizo especial hincapi\u00e9 en dos ejes: trayectorias de alfabetizaci\u00f3n e innovaci\u00f3n, con lo cual lo esbozado durante el d\u00eda se transforma en un insumo para que los supervisores inicien la planificaci\u00f3n de sus proyectos educativos seccionales, y brinden herramientas de an\u00e1lisis y construcci\u00f3n para el ciclo lectivo 2022 a los directores de escuelas, quienes, despu\u00e9s, replicar\u00e1n un trabajo similar a sus equipos docentes a partir de las jornadas institucionales.\u00a0\u00a0<\/span><\/p>\n<p><span style=\"color: #000000;\">Cabe destacar que durante este jueves 3 de febrero, por primera vez, los directores tendr\u00e1n sus propias jornadas de trabajo junto a los supervisores para evaluar qu\u00e9 programas utiliz\u00f3 cada una de las escuelas a lo largo de 2021, qu\u00e9 resultados obtuvieron con ellos y cu\u00e1les de estos continuar\u00e1n implement\u00e1ndose en el corriente a\u00f1o, mientras que el pr\u00f3ximo viernes trabajar\u00e1n en la organizaci\u00f3n institucional de cada una de las instituciones educativas y, por supuesto, en la preparaci\u00f3n de las jornadas institucionales docentes que se llevar\u00e1n a cabo la pr\u00f3xima semana en todas las escuelas de Mendoza.<\/span><\/p>\n","protected":false},"excerpt":{"rendered":"<p>El Intendente Walther Marcolini, la Directora de Educaci\u00f3n Roxana Molero y el Diputado electo Jos\u00e9 Vilches, acompa\u00f1aron al Gobernador Rodolfo Suarez &#8230;<\/p>\n","protected":false},"author":8,"featured_media":105102,"comment_status":"open","ping_status":"open","sticky":false,"template":"","format":"standard","meta":{"footnotes":""},"categories":[5,18],"tags":[],"class_list":["post-105101","post","type-post","status-publish","format-standard","has-post-thumbnail","hentry","category-actualidad","category-educacion"],"_links":{"self":[{"href":"https:\/\/vinasfm.com\/noticias\/wp-json\/wp\/v2\/posts\/105101","targetHints":{"allow":["GET"]}}],"collection":[{"href":"https:\/\/vinasfm.com\/noticias\/wp-json\/wp\/v2\/posts"}],"about":[{"href":"https:\/\/vinasfm.com\/noticias\/wp-json\/wp\/v2\/types\/post"}],"author":[{"embeddable":true,"href":"https:\/\/vinasfm.com\/noticias\/wp-json\/wp\/v2\/users\/8"}],"replies":[{"embeddable":true,"href":"https:\/\/vinasfm.com\/noticias\/wp-json\/wp\/v2\/comments?post=105101"}],"version-history":[{"count":2,"href":"https:\/\/vinasfm.com\/noticias\/wp-json\/wp\/v2\/posts\/105101\/revisions"}],"predecessor-version":[{"id":105114,"href":"https:\/\/vinasfm.com\/noticias\/wp-json\/wp\/v2\/posts\/105101\/revisions\/105114"}],"wp:featuredmedia":[{"embeddable":true,"href":"https:\/\/vinasfm.com\/noticias\/wp-json\/wp\/v2\/media\/105102"}],"wp:attachment":[{"href":"https:\/\/vinasfm.com\/noticias\/wp-json\/wp\/v2\/media?parent=105101"}],"wp:term":[{"taxonomy":"category","embeddable":true,"href":"https:\/\/vinasfm.com\/noticias\/wp-json\/wp\/v2\/categories?post=105101"},{"taxonomy":"post_tag","embeddable":true,"href":"https:\/\/vinasfm.com\/noticias\/wp-json\/wp\/v2\/tags?post=105101"}],"curies":[{"name":"wp","href":"https:\/\/api.w.org\/{rel}","templated":true}]}}