{"id":105067,"date":"2022-02-04T23:59:50","date_gmt":"2022-02-05T02:59:50","guid":{"rendered":"http:\/\/vinasfm.com\/noticias\/?p=105067"},"modified":"2022-02-05T10:40:02","modified_gmt":"2022-02-05T13:40:02","slug":"este-jueves-comienza-la-vacunacion-del-refuerzo-para-adolescentes-de-12-a-17-anos","status":"publish","type":"post","link":"https:\/\/vinasfm.com\/noticias\/este-jueves-comienza-la-vacunacion-del-refuerzo-para-adolescentes-de-12-a-17-anos\/","title":{"rendered":"COMENZ\u00d3 LA VACUNACI\u00d3N DEL REFUERZO PARA ADOLESCENTES DE 12 A 17 A\u00d1OS"},"content":{"rendered":"<h4><span style=\"color: #000000;\"><strong>El gobernador Rodolfo Suarez anunci\u00f3 que este jueves se habilita la vacunaci\u00f3n de refuerzo contra COVID-19 para los adolescentes de 12 a 17 a\u00f1os. Los interesados pueden acudir sin turno a las sedes de vacunaci\u00f3n y centros de salud habilitados, distribuidos en todo el territorio provincial.<\/strong><\/span><\/h4>\n<p><span style=\"color: #000000;\">\u201c<strong><em>Vamos a empezar con la vacunaci\u00f3n para adolescentes mayores de 12 a\u00f1os que tengan las dos dosis y hayan pasado cuatro meses de la \u00faltima dosis<\/em><\/strong>\u201d, dijo el Gobernador Rodolfo Suarez e inst\u00f3 a los mendocinos a completar los esquemas ante el avance de la variante \u00d3micron.<\/span><\/p>\n<p><span style=\"color: #000000;\"> \u201c<strong><em>Lo que pasa con esta variante en Mendoza es lo mismo que pasa en todo el mundo, no s\u00f3lo se han contagiado los m\u00e9dicos, sino tambi\u00e9n periodistas, comerciantes, funcionarios y la gente en general<\/em><\/strong>\u201d, subray\u00f3 el mandatario.<\/span><\/p>\n<p><span style=\"color: #000000;\">Ante esta situaci\u00f3n, el mandatario remarc\u00f3 la importancia de asistir a inocularse, ya que esta medida ayuda a que la enfermedad sea m\u00e1s leve y evita cuadros complicados de salud. Vacunarse y cuidarse es lo mejor que nos puede pasar.<\/span><\/p>\n<h4><span style=\"color: #000000;\"><strong>\u00bfD\u00f3nde vacunarse?<\/strong><\/span><\/h4>\n<p><span style=\"color: #000000;\">Los interesados pueden encontrar informaci\u00f3n sobre las sedes de vacunaci\u00f3n en la<\/span><a href=\"https:\/\/www.mendoza.gov.ar\/salud\/vacunacion-covid-19\/\" data-type=\"URL\" data-id=\"https:\/\/www.mendoza.gov.ar\/salud\/vacunacion-covid-19\/\">\u00a0p\u00e1gina del Ministerio de Salud, Desarrollo Social y Deportes<\/a>. <span style=\"color: #000000;\">All\u00ed se puede informar sobre los CAPS (Centros de Atenci\u00f3n Primarias de Salud), polideportivos, CIC (Centros Integradores Comunitarios) y hospitales donde se est\u00e1 inoculado<\/span> <span style=\"color: #000000;\">(<\/span><a href=\"http:\/\/www.mendoza.gov.ar\/salud\/vacunacion-covid-19\/\" target=\"_blank\" rel=\"noreferrer noopener\">www.mendoza.gov.ar\/salud\/vacunacion-covid-19\/<\/a><span style=\"color: #000000;\">).<\/span><\/p>\n<p><span style=\"color: #000000;\">Para ampliar la oferta de lugares de vacunaci\u00f3n contra COVID-19, desde el Ministerio tambi\u00e9n se est\u00e1n realizando operativos territoriales en las escuelas de verano y ayer se comenz\u00f3 a inocular en 48 farmacias de la provincia. En este caso, se tiene que pedir turno al comercio habilitado y se priorizar\u00e1 a los mayores de 50 a\u00f1os.\u00a0<\/span><\/p>\n","protected":false},"excerpt":{"rendered":"<p>El gobernador Rodolfo Suarez anunci\u00f3 que este jueves se habilita la vacunaci\u00f3n de refuerzo contra COVID-19 para los adolescentes de 12 &#8230;<\/p>\n","protected":false},"author":8,"featured_media":92237,"comment_status":"open","ping_status":"open","sticky":false,"template":"","format":"standard","meta":{"footnotes":""},"categories":[5,15],"tags":[],"class_list":["post-105067","post","type-post","status-publish","format-standard","has-post-thumbnail","hentry","category-actualidad","category-salud"],"_links":{"self":[{"href":"https:\/\/vinasfm.com\/noticias\/wp-json\/wp\/v2\/posts\/105067","targetHints":{"allow":["GET"]}}],"collection":[{"href":"https:\/\/vinasfm.com\/noticias\/wp-json\/wp\/v2\/posts"}],"about":[{"href":"https:\/\/vinasfm.com\/noticias\/wp-json\/wp\/v2\/types\/post"}],"author":[{"embeddable":true,"href":"https:\/\/vinasfm.com\/noticias\/wp-json\/wp\/v2\/users\/8"}],"replies":[{"embeddable":true,"href":"https:\/\/vinasfm.com\/noticias\/wp-json\/wp\/v2\/comments?post=105067"}],"version-history":[{"count":3,"href":"https:\/\/vinasfm.com\/noticias\/wp-json\/wp\/v2\/posts\/105067\/revisions"}],"predecessor-version":[{"id":105141,"href":"https:\/\/vinasfm.com\/noticias\/wp-json\/wp\/v2\/posts\/105067\/revisions\/105141"}],"wp:featuredmedia":[{"embeddable":true,"href":"https:\/\/vinasfm.com\/noticias\/wp-json\/wp\/v2\/media\/92237"}],"wp:attachment":[{"href":"https:\/\/vinasfm.com\/noticias\/wp-json\/wp\/v2\/media?parent=105067"}],"wp:term":[{"taxonomy":"category","embeddable":true,"href":"https:\/\/vinasfm.com\/noticias\/wp-json\/wp\/v2\/categories?post=105067"},{"taxonomy":"post_tag","embeddable":true,"href":"https:\/\/vinasfm.com\/noticias\/wp-json\/wp\/v2\/tags?post=105067"}],"curies":[{"name":"wp","href":"https:\/\/api.w.org\/{rel}","templated":true}]}}