{"id":105009,"date":"2022-02-01T23:59:20","date_gmt":"2022-02-02T02:59:20","guid":{"rendered":"http:\/\/vinasfm.com\/noticias\/?p=105009"},"modified":"2022-02-02T21:28:47","modified_gmt":"2022-02-03T00:28:47","slug":"el-municipio-recupero-el-predio-del-mercado-concentrador","status":"publish","type":"post","link":"https:\/\/vinasfm.com\/noticias\/el-municipio-recupero-el-predio-del-mercado-concentrador\/","title":{"rendered":"EL MUNICIPIO RECUPER\u00d3 EL PREDIO DEL MERCADO CONCENTRADOR"},"content":{"rendered":"<h4><strong><span style=\"color: #000000;\">En conferencia de prensa, el Intendente Walther Marcolini se\u00f1al\u00f3 que el 31 enero de 2.022, despu\u00e9s de muchos a\u00f1os de gesti\u00f3n, la Municipalidad recuper\u00f3 la posesi\u00f3n del mercado concentrador, un inmueble muy importante del Departamento.<\/span><\/strong><\/h4>\n<p><span style=\"color: #000000;\">A trav\u00e9s de acciones legales y de un mutuo acuerdo con la familia se pudo llegar a un arreglo y <strong>vuelve la comuna a tener la posesi\u00f3n del predio<\/strong>. <strong>El inmueble abarca 4,5has, posee un galp\u00f3n con c\u00e1mara frigor\u00edfica, que necesita arreglo, tambi\u00e9n limpieza del predio y cierre perimetral<\/strong>.<\/span><\/p>\n<div id=\"attachment_105013\" style=\"width: 300px\" class=\"wp-caption alignleft\"><a href=\"http:\/\/vinasfm.com\/noticias\/wp-content\/uploads\/2022\/01\/ead7faea-2d37-486b-b164-5948760334d1.jpg\"><img loading=\"lazy\" decoding=\"async\" aria-describedby=\"caption-attachment-105013\" class=\"size-medium wp-image-105013\" src=\"http:\/\/vinasfm.com\/noticias\/wp-content\/uploads\/2022\/01\/ead7faea-2d37-486b-b164-5948760334d1-300x169.jpg\" alt=\"\" width=\"300\" height=\"169\" srcset=\"https:\/\/vinasfm.com\/noticias\/wp-content\/uploads\/2022\/01\/ead7faea-2d37-486b-b164-5948760334d1-300x169.jpg 300w, https:\/\/vinasfm.com\/noticias\/wp-content\/uploads\/2022\/01\/ead7faea-2d37-486b-b164-5948760334d1-768x432.jpg 768w, https:\/\/vinasfm.com\/noticias\/wp-content\/uploads\/2022\/01\/ead7faea-2d37-486b-b164-5948760334d1-750x420.jpg 750w, https:\/\/vinasfm.com\/noticias\/wp-content\/uploads\/2022\/01\/ead7faea-2d37-486b-b164-5948760334d1.jpg 1024w\" sizes=\"auto, (max-width: 300px) 100vw, 300px\" \/><\/a><p id=\"caption-attachment-105013\" class=\"wp-caption-text\">Int. Marcolini recorriendo las instalaciones.<\/p><\/div>\n<p><span style=\"color: #000000;\">Se trata de un inmueble recuperado que se va a poner en valor: &#8216;<strong><em>El objetivo concreto es plantear, en el transcurso del a\u00f1o, en lo posible en el primer semestre, la constituci\u00f3n de un mercado cooperativo de productores<\/em><\/strong>&#8216;, se\u00f1al\u00f3 el Intendente Walther Marcolini.<\/span><\/p>\n<p><span style=\"color: #000000;\">Poder concentrar en General Alvear a los camiones, para que por ejemplo en invierno est\u00e9n los c\u00edtricos y verduras de estaci\u00f3n, eso lo va a encarar el mercado cooperativo: &#8216;<strong><em>Por ello, desde la Direcci\u00f3n de Agricultura, Ganader\u00eda y Faena van a convocar a los productores que tengan capacidad de producci\u00f3n a escala y resulta fundamental, en el lapso de 90 d\u00edas, tener un proyecto ejecutivo terminado con los productores que tienen la capacidad y los clientes para poder comerciar<\/em><\/strong>&#8216;, subray\u00f3 el Jefe Comunal. <\/span><\/p>\n<p><span style=\"color: #000000;\">&#8216;<strong><em>Actualmente, hay productores alvearenses que tienen clientes en el Sur, entonces este es un espacio com\u00fan que sirve para el manejo de volumen de frutas y verduras. Este es un paso enorme, pensado en t\u00e9rminos de nuestra agricultura que se concreta al poder recuperar el inmueble<\/em><\/strong>&#8216;, detall\u00f3 Marcolini, quien agrego: &#8216;<strong><em>Es importante llegar a esta figura asociativa, un mercado cooperativo, en beneficio de todos los productores, porque no va a ser el municipio quien lo explote, dado que facilita la herramienta y la concesi\u00f3n, durante un periodo corto, de cinco a\u00f1os, para que la entidad cooperativa demuestre que funciona bien<\/em><\/strong>&#8216;.<\/span><\/p>\n<p><a href=\"http:\/\/vinasfm.com\/noticias\/wp-content\/uploads\/2022\/01\/983e8ac4-b0d0-4a3b-bdbe-c3f1b0ac0fd9.jpg\"><img loading=\"lazy\" decoding=\"async\" class=\" wp-image-105012 aligncenter\" src=\"http:\/\/vinasfm.com\/noticias\/wp-content\/uploads\/2022\/01\/983e8ac4-b0d0-4a3b-bdbe-c3f1b0ac0fd9-300x169.jpg\" alt=\"\" width=\"538\" height=\"303\" srcset=\"https:\/\/vinasfm.com\/noticias\/wp-content\/uploads\/2022\/01\/983e8ac4-b0d0-4a3b-bdbe-c3f1b0ac0fd9-300x169.jpg 300w, https:\/\/vinasfm.com\/noticias\/wp-content\/uploads\/2022\/01\/983e8ac4-b0d0-4a3b-bdbe-c3f1b0ac0fd9-768x432.jpg 768w, https:\/\/vinasfm.com\/noticias\/wp-content\/uploads\/2022\/01\/983e8ac4-b0d0-4a3b-bdbe-c3f1b0ac0fd9.jpg 1024w\" sizes=\"auto, (max-width: 538px) 100vw, 538px\" \/><\/a><\/p>\n<p><span style=\"color: #000000;\">Es preciso realizar el proyecto ejecutivo para que formen parte los productores de verduras, que tengan disponibilidad de agua, por eso la presente gesti\u00f3n municipal ha encarado el Programa de recuperaci\u00f3n de perforaciones y bombas de riego. En este sentido, &#8216;<strong><em>la Direcci\u00f3n de Agricultura va a convocar a Federaci\u00f3n Agraria, a sus productores y tambi\u00e9n a otros productores importantes que tienen su producci\u00f3n bajo cobertura pl\u00e1stica, lo que les permite tener stock a lo largo del a\u00f1o<\/em><\/strong>&#8216;.<\/span><\/p>\n<p><span style=\"color: #000000;\">Se prev\u00e9 que, en el primer semestre, en julio, comience a abrir sus puertas, por eso hay un cronograma de trabajo, &#8216;<strong><em>90 d\u00edas para el proyecto ejecutivo, la conformaci\u00f3n de la cooperativa, porque es un mercado cooperativo que debe contemplar la cantidad de 10 a 15 productores, no m\u00e1s, y todo lo necesario para que funcione bien y luego la implementaci\u00f3n. Una vez formado el mercado cooperativo vendr\u00e1 la forma del armado y cantidad de puestos de trabajo<\/em><\/strong>&#8216;.<\/span><\/p>\n<p><span style=\"color: #000000;\">En el predio se va a realizar una adecuaci\u00f3n, una tercera salida, no solo sobre la Ruta nacional, y aprovechar el espacio f\u00edsico que hay en el terreno. <strong>Se van a hacer mejoras de pintura, de imperfecciones, hay un deterioro de portones, se debe arreglar la c\u00e1mara de fr\u00edo y recuperar a nuevos los sanitarios<\/strong>.<\/span><\/p>\n","protected":false},"excerpt":{"rendered":"<p>En conferencia de prensa, el Intendente Walther Marcolini se\u00f1al\u00f3 que el 31 enero de 2.022, despu\u00e9s de muchos a\u00f1os de gesti\u00f3n, &#8230;<\/p>\n","protected":false},"author":8,"featured_media":105011,"comment_status":"open","ping_status":"open","sticky":false,"template":"","format":"standard","meta":{"footnotes":""},"categories":[5,10],"tags":[],"class_list":["post-105009","post","type-post","status-publish","format-standard","has-post-thumbnail","hentry","category-actualidad","category-destacadas"],"_links":{"self":[{"href":"https:\/\/vinasfm.com\/noticias\/wp-json\/wp\/v2\/posts\/105009","targetHints":{"allow":["GET"]}}],"collection":[{"href":"https:\/\/vinasfm.com\/noticias\/wp-json\/wp\/v2\/posts"}],"about":[{"href":"https:\/\/vinasfm.com\/noticias\/wp-json\/wp\/v2\/types\/post"}],"author":[{"embeddable":true,"href":"https:\/\/vinasfm.com\/noticias\/wp-json\/wp\/v2\/users\/8"}],"replies":[{"embeddable":true,"href":"https:\/\/vinasfm.com\/noticias\/wp-json\/wp\/v2\/comments?post=105009"}],"version-history":[{"count":3,"href":"https:\/\/vinasfm.com\/noticias\/wp-json\/wp\/v2\/posts\/105009\/revisions"}],"predecessor-version":[{"id":105070,"href":"https:\/\/vinasfm.com\/noticias\/wp-json\/wp\/v2\/posts\/105009\/revisions\/105070"}],"wp:featuredmedia":[{"embeddable":true,"href":"https:\/\/vinasfm.com\/noticias\/wp-json\/wp\/v2\/media\/105011"}],"wp:attachment":[{"href":"https:\/\/vinasfm.com\/noticias\/wp-json\/wp\/v2\/media?parent=105009"}],"wp:term":[{"taxonomy":"category","embeddable":true,"href":"https:\/\/vinasfm.com\/noticias\/wp-json\/wp\/v2\/categories?post=105009"},{"taxonomy":"post_tag","embeddable":true,"href":"https:\/\/vinasfm.com\/noticias\/wp-json\/wp\/v2\/tags?post=105009"}],"curies":[{"name":"wp","href":"https:\/\/api.w.org\/{rel}","templated":true}]}}