{"id":104981,"date":"2022-01-31T05:00:48","date_gmt":"2022-01-31T08:00:48","guid":{"rendered":"http:\/\/vinasfm.com\/noticias\/?p=104981"},"modified":"2022-01-31T12:17:57","modified_gmt":"2022-01-31T15:17:57","slug":"censo-2022-los-mendocinos-podran-completarlo-de-forma-digital-desde-marzo","status":"publish","type":"post","link":"https:\/\/vinasfm.com\/noticias\/censo-2022-los-mendocinos-podran-completarlo-de-forma-digital-desde-marzo\/","title":{"rendered":"CENSO 2022: LOS MENDOCINOS PODR\u00c1N COMPLETARLO DE FORMA DIGITAL DESDE MARZO"},"content":{"rendered":"<h4><span style=\"color: #000000;\"><strong>Desde el 16 de marzo, los mendocinos tendr\u00e1n la posibilidad de completar el Censo 2022 de forma digital: la Direcci\u00f3n de Estad\u00edsticas e Investigaciones Econ\u00f3micas de Mendoza inform\u00f3 que se podr\u00e1 hacer desde cualquier dispositivo.<\/strong><\/span><\/h4>\n<p><span style=\"color: #000000;\">Una vez completado el cuestionario, <strong>se generar\u00e1 un c\u00f3digo que llegar\u00e1 por correo<\/strong> y que podr\u00e1 mostrarse a los<strong> censistas de la DEIE que pasen casa por casa el 18 de mayo<\/strong>, d\u00eda del Censo Nacional.<\/span><\/p>\n<p><span style=\"color: #000000;\">Esto ahorrar\u00e1 tiempo a los ciudadanos y a los censistas, adem\u00e1s de facilitar el cumplimiento del protocolo COVID-19. <strong>Un celular, computadora o tablet servir\u00e1 para que cada mendocino complete los datos requeridos<\/strong>, y la DEIE designar\u00e1 puntos de conexi\u00f3n gratuita para quienes no tengan acceso a Internet, adem\u00e1s de lugares especiales para quienes no tienen ning\u00fan dispositivo.<\/span><\/p>\n<p><span style=\"color: #000000;\"><strong>Es la primera vez que se utilizar\u00e1 esta metodolog\u00eda para responder el Censo Nacional de Poblaci\u00f3n, Hogares y Viviendas<\/strong>. El resguardo de la informaci\u00f3n se garantizar\u00e1 mediante un estricto protocolo de seguridad inform\u00e1tica que almacenar\u00e1 los datos recolectados en los servidores de la <strong>Empresa Argentina de Soluciones Satelitales Sociedad An\u00f3nima (ARSAT)<\/strong>, bajo t\u00e9cnicas de encriptaci\u00f3n y gobernanza de los datos (Ley 17.622, Decreto 3.110\/70 y Resoluci\u00f3n INDEC 181\/2020).<\/span><\/p>\n<h4><span style=\"color: #000000;\"><strong>\u00bfC\u00f3mo completarlo?<\/strong><\/span><\/h4>\n<p><span style=\"color: #000000;\">Quienes quieran acceder a esta modalidad, deber\u00e1n ingresar desde el 16 de marzo a la p\u00e1gina <a href=\"https:\/\/censo.gob.ar\"><strong>https:\/\/censo.gob.ar<\/strong><\/a>. <strong>Una vez abierto el formulario, se generar\u00e1 el c\u00f3digo \u00fanico de la vivienda mediante el n\u00famero de DNI y los datos del domicilio<\/strong>.<\/span><\/p>\n<p><span style=\"color: #000000;\"><strong>Luego se ingresar\u00e1 a un cuestionario digital, que tendr\u00e1 las preguntas que son necesarias para los relevamientos de poblaci\u00f3n y vivienda<\/strong>. Al finalizar,<strong> se deber\u00e1 guardar el comprobante de finalizaci\u00f3n del Censo digital (c\u00f3digo alfanum\u00e9rico)<\/strong> para presentar ante la persona que visite el domicilio el d\u00eda del Censo.<\/span><\/p>\n<h4><span style=\"color: #000000;\"><strong>\u00bfCu\u00e1ndo es el censo?<\/strong><\/span><\/h4>\n<p><span style=\"color: #000000;\"><strong>El mi\u00e9rcoles 18 de mayo de 2022 ser\u00e1 el D\u00eda del Censo<\/strong>, declarado como feriado nacional por el Decreto 42\/2022.<\/span><\/p>\n<p><span style=\"color: #000000;\">Las personas censistas tendr\u00e1n la correspondiente acreditaci\u00f3n de la DEIE y del INDEC, y recorrer\u00e1n todas las viviendas particulares.<\/span><\/p>\n<p><span style=\"color: #000000;\">Para quienes no puedan o quieran completar el formulario digital, los encuestadores van a realizar las entrevistas de forma personal, como en ediciones anteriores.<\/span><\/p>\n<p><span style=\"color: #000000;\">En cambio, <strong>si se complet\u00f3 el Censo digital, solo se va a pedir el comprobante de finalizaci\u00f3n<\/strong>. <strong>Este es un c\u00f3digo alfanum\u00e9rico de 6 d\u00edgitos que se genera autom\u00e1ticamente al terminar de completar el cuestionario censal<\/strong>. <strong>Se puede descargar<\/strong>, pero adem\u00e1s llegar\u00e1 al correo electr\u00f3nico que se registra al completar el cuestionario.<\/span><\/p>\n<p><span style=\"color: #000000;\"><strong>No ser\u00e1 necesario imprimirlo<\/strong>, ya que los encuestadores podr\u00e1n verificar el c\u00f3digo en la pantalla de un celular.<\/span><\/p>\n<h4><span style=\"color: #000000;\"><strong>\u00bfPara qu\u00e9 sirve el Censo?<\/strong><\/span><\/h4>\n<p><span style=\"color: #000000;\">El Censo Nacional de Poblaci\u00f3n, Hogares y Viviendas es el recuento de todas las personas, todos los hogares y todas las viviendas que se encuentran en el territorio nacional en un momento determinado.<\/span><\/p>\n<p><span style=\"color: #000000;\">En el caso de Mendoza, permitir\u00e1 a la DEIE tener un informe exacto y actualizado de cu\u00e1ntos somos en la provincia, c\u00f3mo vivimos y c\u00f3mo nos distribuimos.<\/span><\/p>\n<p><span style=\"color: #000000;\">La participaci\u00f3n de la poblaci\u00f3n es fundamental para que se pueda concretar el operativo. Todas las personas que habitan en el territorio nacional tienen que responder las preguntas incluidas en el cuestionario censal (art\u00edculo 17 del decreto 726\/2020).<\/span><\/p>\n<p><span style=\"color: #000000;\">Los turistas extranjeros no deben censarse, pero quienes lleven viviendo en Mendoza m\u00e1s de seis meses deben participar.<\/span><\/p>\n<p><span style=\"color: #000000;\">Por recomendaci\u00f3n de la Divisi\u00f3n de Estad\u00edsticas de las Naciones Unidas, los censos deben hacerse cada diez a\u00f1os. Preferentemente, en los a\u00f1os terminados en cero, pero esto no fue posible en 2020 por la pandemia COVID19.<\/span><\/p>\n<p><span style=\"color: #000000;\">El Censo pregunta sobre sexo y edad, caracter\u00edsticas del hogar y la vivienda, salud, educaci\u00f3n, migraciones y ocupaci\u00f3n, entre otros temas. Por primera vez se relevar\u00e1 la identidad de g\u00e9nero.<\/span><\/p>\n<p><span style=\"color: #000000;\">La informaci\u00f3n estad\u00edstica que surge a partir del operativo sirve para dise\u00f1ar pol\u00edticas p\u00fablicas esenciales en diversos \u00e1mbitos. Tambi\u00e9n la utilizan las personas y empresas para investigar, planificar y llevar adelante proyectos basados en informaci\u00f3n oficial clara y actualizada.<\/span><\/p>\n","protected":false},"excerpt":{"rendered":"<p>Desde el 16 de marzo, los mendocinos tendr\u00e1n la posibilidad de completar el Censo 2022 de forma digital: la Direcci\u00f3n de &#8230;<\/p>\n","protected":false},"author":8,"featured_media":104982,"comment_status":"open","ping_status":"open","sticky":false,"template":"","format":"standard","meta":{"footnotes":""},"categories":[5,10],"tags":[],"class_list":["post-104981","post","type-post","status-publish","format-standard","has-post-thumbnail","hentry","category-actualidad","category-destacadas"],"_links":{"self":[{"href":"https:\/\/vinasfm.com\/noticias\/wp-json\/wp\/v2\/posts\/104981","targetHints":{"allow":["GET"]}}],"collection":[{"href":"https:\/\/vinasfm.com\/noticias\/wp-json\/wp\/v2\/posts"}],"about":[{"href":"https:\/\/vinasfm.com\/noticias\/wp-json\/wp\/v2\/types\/post"}],"author":[{"embeddable":true,"href":"https:\/\/vinasfm.com\/noticias\/wp-json\/wp\/v2\/users\/8"}],"replies":[{"embeddable":true,"href":"https:\/\/vinasfm.com\/noticias\/wp-json\/wp\/v2\/comments?post=104981"}],"version-history":[{"count":1,"href":"https:\/\/vinasfm.com\/noticias\/wp-json\/wp\/v2\/posts\/104981\/revisions"}],"predecessor-version":[{"id":104983,"href":"https:\/\/vinasfm.com\/noticias\/wp-json\/wp\/v2\/posts\/104981\/revisions\/104983"}],"wp:featuredmedia":[{"embeddable":true,"href":"https:\/\/vinasfm.com\/noticias\/wp-json\/wp\/v2\/media\/104982"}],"wp:attachment":[{"href":"https:\/\/vinasfm.com\/noticias\/wp-json\/wp\/v2\/media?parent=104981"}],"wp:term":[{"taxonomy":"category","embeddable":true,"href":"https:\/\/vinasfm.com\/noticias\/wp-json\/wp\/v2\/categories?post=104981"},{"taxonomy":"post_tag","embeddable":true,"href":"https:\/\/vinasfm.com\/noticias\/wp-json\/wp\/v2\/tags?post=104981"}],"curies":[{"name":"wp","href":"https:\/\/api.w.org\/{rel}","templated":true}]}}