{"id":104967,"date":"2022-01-31T11:34:27","date_gmt":"2022-01-31T14:34:27","guid":{"rendered":"http:\/\/vinasfm.com\/noticias\/?p=104967"},"modified":"2022-01-31T11:44:58","modified_gmt":"2022-01-31T14:44:58","slug":"embistio-a-una-moto-de-delivery-y-se-dio-a-la-fuga","status":"publish","type":"post","link":"https:\/\/vinasfm.com\/noticias\/embistio-a-una-moto-de-delivery-y-se-dio-a-la-fuga\/","title":{"rendered":"EMBISTI\u00d3 A UNA MOTO DE DELIVERY Y SE DIO A LA FUGA"},"content":{"rendered":"<h4><span style=\"color: #000000;\"><strong>La intersecci\u00f3n de calles Olascoaga y Pi\u00e9rola, en Ciudad, fue escenario de un accidente de tr\u00e1nsito protagonizado por un veh\u00edculo y una moto de delivery, cuyo conductor debi\u00f3 ser hospitalizado debido a las lesiones que revest\u00eda.<\/strong><\/span><\/h4>\n<p><span style=\"color: #000000;\">Desde Comisar\u00eda 14\u00b0 informaron a trav\u00e9s de F.M. VI\u00d1AS que <strong>alrededor de las 10:15hs de este domingo<\/strong>, una <strong>motocicleta 150cc<\/strong> al mando de un<em><strong> joven de 22 a\u00f1os<\/strong><\/em> fue colisionada por un <strong>autom\u00f3vil marca Ford Fiesta<\/strong> conducida por un <strong><em>hombre de 43 a\u00f1os<\/em><\/strong>.<\/span><\/p>\n<p><span style=\"color: #000000;\">El reporte oficial reconstruye que el tras el impacto, el motociclista cay\u00f3 pesadamente al suelo ocasion\u00e1ndole <strong>politraumatismos y escoriaciones<\/strong>, motivo por el que <b>fue trasladado al Hospital &#8216;Enfermeros Argentinos&#8217;\u00a0 <\/b>para su asistencia donde a posterior recibi\u00f3 el alta m\u00e9dica. El automovilista, por su parte, <strong>se dio a la fuga<\/strong>.<\/span><\/p>\n<p><span style=\"color: #000000;\"><strong>Pasadas dos horas del siniestro<\/strong>, <strong>se present\u00f3 en la sede policial el conductor del Fiesta<\/strong> presentando documentaci\u00f3n de la movilidad y predisponi\u00e9ndose a que se le practicara el dosaje de alcohol. <strong>La Justicia orden\u00f3 que el veh\u00edculo fuera retenido para posteriores pericias<\/strong>. <\/span><\/p>\n<p><span style=\"color: #000000;\">Se labraron actuaciones en &#8216;<strong><em>Averiguaci\u00f3n lesiones culposas<\/em><\/strong>&#8216; bajo instrucci\u00f3n de la Unidad Fiscal de General Alvear.<\/span><\/p>\n","protected":false},"excerpt":{"rendered":"<p>La intersecci\u00f3n de calles Olascoaga y Pi\u00e9rola, en Ciudad, fue escenario de un accidente de tr\u00e1nsito protagonizado por un veh\u00edculo y &#8230;<\/p>\n","protected":false},"author":8,"featured_media":104969,"comment_status":"open","ping_status":"open","sticky":false,"template":"","format":"standard","meta":{"footnotes":""},"categories":[5,4],"tags":[],"class_list":["post-104967","post","type-post","status-publish","format-standard","has-post-thumbnail","hentry","category-actualidad","category-policiales"],"_links":{"self":[{"href":"https:\/\/vinasfm.com\/noticias\/wp-json\/wp\/v2\/posts\/104967","targetHints":{"allow":["GET"]}}],"collection":[{"href":"https:\/\/vinasfm.com\/noticias\/wp-json\/wp\/v2\/posts"}],"about":[{"href":"https:\/\/vinasfm.com\/noticias\/wp-json\/wp\/v2\/types\/post"}],"author":[{"embeddable":true,"href":"https:\/\/vinasfm.com\/noticias\/wp-json\/wp\/v2\/users\/8"}],"replies":[{"embeddable":true,"href":"https:\/\/vinasfm.com\/noticias\/wp-json\/wp\/v2\/comments?post=104967"}],"version-history":[{"count":2,"href":"https:\/\/vinasfm.com\/noticias\/wp-json\/wp\/v2\/posts\/104967\/revisions"}],"predecessor-version":[{"id":104973,"href":"https:\/\/vinasfm.com\/noticias\/wp-json\/wp\/v2\/posts\/104967\/revisions\/104973"}],"wp:featuredmedia":[{"embeddable":true,"href":"https:\/\/vinasfm.com\/noticias\/wp-json\/wp\/v2\/media\/104969"}],"wp:attachment":[{"href":"https:\/\/vinasfm.com\/noticias\/wp-json\/wp\/v2\/media?parent=104967"}],"wp:term":[{"taxonomy":"category","embeddable":true,"href":"https:\/\/vinasfm.com\/noticias\/wp-json\/wp\/v2\/categories?post=104967"},{"taxonomy":"post_tag","embeddable":true,"href":"https:\/\/vinasfm.com\/noticias\/wp-json\/wp\/v2\/tags?post=104967"}],"curies":[{"name":"wp","href":"https:\/\/api.w.org\/{rel}","templated":true}]}}