{"id":104958,"date":"2022-01-31T19:30:31","date_gmt":"2022-01-31T22:30:31","guid":{"rendered":"http:\/\/vinasfm.com\/noticias\/?p=104958"},"modified":"2022-01-31T20:10:37","modified_gmt":"2022-01-31T23:10:37","slug":"atuel-norte-fuerte-choque-casi-frontal-entre-dos-vehiculos-en-ruta-143","status":"publish","type":"post","link":"https:\/\/vinasfm.com\/noticias\/atuel-norte-fuerte-choque-casi-frontal-entre-dos-vehiculos-en-ruta-143\/","title":{"rendered":"ATUEL NORTE: FUERTE CHOQUE CASI FRONTAL ENTRE DOS VEH\u00cdCULOS EN RUTA 143"},"content":{"rendered":"<h4><span style=\"color: #000000;\"><strong>El siniestro protagonizado por dos veh\u00edculos en los que circulaban turistas se produjo minutos antes de las 8hs de este lunes sobre Ruta 143, en la zona del paraje &#8216;Negro Quemado&#8217;, a la altura del ingreso a Atuel Norte.<\/strong><\/span><\/h4>\n<div id=\"attachment_104962\" style=\"width: 300px\" class=\"wp-caption alignleft\"><a href=\"http:\/\/vinasfm.com\/noticias\/wp-content\/uploads\/2022\/01\/272830975_4999458803407611_6089285416848127291_n-e1643638241382.jpg\"><img loading=\"lazy\" decoding=\"async\" aria-describedby=\"caption-attachment-104962\" class=\"size-medium wp-image-104962\" src=\"http:\/\/vinasfm.com\/noticias\/wp-content\/uploads\/2022\/01\/272830975_4999458803407611_6089285416848127291_n-e1643638241382-300x152.jpg\" alt=\"\" width=\"300\" height=\"152\" srcset=\"https:\/\/vinasfm.com\/noticias\/wp-content\/uploads\/2022\/01\/272830975_4999458803407611_6089285416848127291_n-e1643638241382-300x152.jpg 300w, https:\/\/vinasfm.com\/noticias\/wp-content\/uploads\/2022\/01\/272830975_4999458803407611_6089285416848127291_n-e1643638241382.jpg 694w\" sizes=\"auto, (max-width: 300px) 100vw, 300px\" \/><\/a><p id=\"caption-attachment-104962\" class=\"wp-caption-text\">Accidente en Atuel Norte.<\/p><\/div>\n<p><span style=\"color: #000000;\">Se trata de una <strong>Renault Duster<\/strong> y un <strong>Peugeot 308\u00a0<\/strong>que impactaron casi de frente luego de que, seg\u00fan algunas versiones, <strong><em>interviniera un cami\u00f3n con destino a San Rafael el cual habr\u00eda rozado a uno de los autom\u00f3viles<\/em><\/strong>.<\/span><\/p>\n<p><span style=\"color: #000000;\">A ra\u00edz de la colisi\u00f3n, ambos rodado terminaron a varios metros de distancia con importante da\u00f1os materiales.\u00a0En el Peugeot, <strong>quedaron 3 personas atrapadas<\/strong> que debieron ser rescatadas por personal de bomberos de Salto de las Rosas. En el lugar trabaja personal de <strong>Comisar\u00eda 26\u00b0 de Villa Atuel<\/strong> y de <strong>Ca\u00f1ada Seca<\/strong>.<\/span><\/p>\n","protected":false},"excerpt":{"rendered":"<p>El siniestro protagonizado por dos veh\u00edculos en los que circulaban turistas se produjo minutos antes de las 8hs de este lunes &#8230;<\/p>\n","protected":false},"author":8,"featured_media":104961,"comment_status":"open","ping_status":"open","sticky":false,"template":"","format":"standard","meta":{"footnotes":""},"categories":[5,4],"tags":[],"class_list":["post-104958","post","type-post","status-publish","format-standard","has-post-thumbnail","hentry","category-actualidad","category-policiales"],"_links":{"self":[{"href":"https:\/\/vinasfm.com\/noticias\/wp-json\/wp\/v2\/posts\/104958","targetHints":{"allow":["GET"]}}],"collection":[{"href":"https:\/\/vinasfm.com\/noticias\/wp-json\/wp\/v2\/posts"}],"about":[{"href":"https:\/\/vinasfm.com\/noticias\/wp-json\/wp\/v2\/types\/post"}],"author":[{"embeddable":true,"href":"https:\/\/vinasfm.com\/noticias\/wp-json\/wp\/v2\/users\/8"}],"replies":[{"embeddable":true,"href":"https:\/\/vinasfm.com\/noticias\/wp-json\/wp\/v2\/comments?post=104958"}],"version-history":[{"count":5,"href":"https:\/\/vinasfm.com\/noticias\/wp-json\/wp\/v2\/posts\/104958\/revisions"}],"predecessor-version":[{"id":104966,"href":"https:\/\/vinasfm.com\/noticias\/wp-json\/wp\/v2\/posts\/104958\/revisions\/104966"}],"wp:featuredmedia":[{"embeddable":true,"href":"https:\/\/vinasfm.com\/noticias\/wp-json\/wp\/v2\/media\/104961"}],"wp:attachment":[{"href":"https:\/\/vinasfm.com\/noticias\/wp-json\/wp\/v2\/media?parent=104958"}],"wp:term":[{"taxonomy":"category","embeddable":true,"href":"https:\/\/vinasfm.com\/noticias\/wp-json\/wp\/v2\/categories?post=104958"},{"taxonomy":"post_tag","embeddable":true,"href":"https:\/\/vinasfm.com\/noticias\/wp-json\/wp\/v2\/tags?post=104958"}],"curies":[{"name":"wp","href":"https:\/\/api.w.org\/{rel}","templated":true}]}}