{"id":104941,"date":"2022-01-31T12:30:57","date_gmt":"2022-01-31T15:30:57","guid":{"rendered":"http:\/\/vinasfm.com\/noticias\/?p=104941"},"modified":"2022-01-31T20:45:08","modified_gmt":"2022-01-31T23:45:08","slug":"las-soberanas-vendimiales-visitan-bodegas-y-lugares-turisticos-de-alvear","status":"publish","type":"post","link":"https:\/\/vinasfm.com\/noticias\/las-soberanas-vendimiales-visitan-bodegas-y-lugares-turisticos-de-alvear\/","title":{"rendered":"LAS SOBERANAS VENDIMIALES VISITAN BODEGAS Y LUGARES TUR\u00cdSTICOS DE ALVEAR"},"content":{"rendered":"<h4><span style=\"color: #000000;\"><strong>La Directora de Cultura Liana Piedrafita, en conferencia de prensa, brind\u00f3 detalles de los eventos vendimiales, de la Fiesta Departamental de la Vendimia, \u201cVendimia de la Luna\u201d, y de las actividades que realizan las soberanas alvearenses.<\/strong><\/span><\/h4>\n<p><span style=\"color: #000000;\">El <strong>mi\u00e9rcoles 2 de febrero<\/strong>, con referentes de instituciones invitadas, <strong>se realizar\u00e1 el desayuno de las reinas en el Cine Teatro Antonio Lafalla<\/strong>; en tanto que <strong>el jueves 3 ser\u00e1 la tradicional noche de Casino<\/strong>.<\/span><\/p>\n<p><span style=\"color: #000000;\">El <strong>viernes 4 de febrero a las 21h<\/strong> se llevar\u00e1 a cabo la <strong>V\u00eda Blanca de las reinas a lo largo de la Avenida Alvear Oeste<\/strong> y <strong>la Fiesta departamental Vendimia de la Luna, tendr\u00e1 lugar el s\u00e1bado 5 de febrero en la plaza departamental Carlos Mar\u00eda de Alvear<\/strong>, <strong>a las 21h<\/strong>, donde se conocer\u00e1 cu\u00e1l de las cinco j\u00f3venes representar\u00e1 al Departamento durante un a\u00f1o. Es para destacar que <strong>vendr\u00e1n como invitados para difundir el turismo de General Alvear y nuestra vendimia un grupo de periodistas de medios nacionales e influencers<\/strong>.<\/span><\/p>\n<div id=\"attachment_104954\" style=\"width: 300px\" class=\"wp-caption alignleft\"><a href=\"http:\/\/vinasfm.com\/noticias\/wp-content\/uploads\/2022\/01\/709e524c-5890-48f1-8cc4-df2f69b961f3.jpg\"><img loading=\"lazy\" decoding=\"async\" aria-describedby=\"caption-attachment-104954\" class=\"size-medium wp-image-104954\" src=\"http:\/\/vinasfm.com\/noticias\/wp-content\/uploads\/2022\/01\/709e524c-5890-48f1-8cc4-df2f69b961f3-300x200.jpg\" alt=\"\" width=\"300\" height=\"200\" srcset=\"https:\/\/vinasfm.com\/noticias\/wp-content\/uploads\/2022\/01\/709e524c-5890-48f1-8cc4-df2f69b961f3-300x200.jpg 300w, https:\/\/vinasfm.com\/noticias\/wp-content\/uploads\/2022\/01\/709e524c-5890-48f1-8cc4-df2f69b961f3-768x512.jpg 768w, https:\/\/vinasfm.com\/noticias\/wp-content\/uploads\/2022\/01\/709e524c-5890-48f1-8cc4-df2f69b961f3.jpg 1024w\" sizes=\"auto, (max-width: 300px) 100vw, 300px\" \/><\/a><p id=\"caption-attachment-104954\" class=\"wp-caption-text\">Recorrido de reinas de la vendimia.<\/p><\/div>\n<p><span style=\"color: #000000;\">Las bellas candidatas a Reina Departamental de la Vendimia iniciaron recorrieron diferentes lugares tur\u00edsticos, clubes y emprendimientos, acompa\u00f1adas por la Reina actual y la Virreina. Durante la semana pasada, visitaron los <strong>museos del Departamento, el Club Banco Naci\u00f3n, el Club 8 de noviembre, Terra de Goyco, Costanera Alvear, La Celestita, Bodega Cavas del Artesano, Bodega Fara\u00f3n, La Mantia Oliva, Granja Don Paco, Bodega Cooperativa Alvear, Delegaci\u00f3n de Alvear Oeste, Iglesia Ucraniana, Delegaci\u00f3n de Bowen, Patio de Babushka<\/strong>. Igualmente, <strong>se preparan en danza folcl\u00f3rica, oratoria, sitios tur\u00edsticos, gastronom\u00eda y vinos de la zona<\/strong>.<\/span><\/p>\n<p><span style=\"color: #000000;\">A continuaci\u00f3n, se detalla en orden cronol\u00f3gico cada evento vendimial, realizado en los tres distritos y dos parajes alvearenses, donde fueron coronadas las Reinas alvearenses:<\/span><\/p>\n<p><span style=\"color: #000000;\">En <strong>Carmensa<\/strong> se vivi\u00f3 la fiesta Fortaleciendo Ra\u00edces, el s\u00e1bado 15 de enero, donde fue coronada <strong>Carolina Sendra<\/strong> de 21 a\u00f1os, ojos celestes, cabellos casta\u00f1os claros, 1,70m de estatura, quien cursa el segundo a\u00f1o de Abogac\u00eda y es emprendedora, dado que posee un local de comidas con su mam\u00e1. \u201c<strong><em>Fue una semana donde recorrimos distintos puntos del departamento, a\u00fan nos quedan muchos, pero es muy bueno conocer la historia de General Alvear y despu\u00e9s transmitirla a quienes nos visitan, de esta forma somos embajadoras del departamento<\/em><\/strong>\u201d.<\/span><\/p>\n<p><span style=\"color: #000000;\">Por su parte, la <strong>Reina de la Vendimia de Bowen, Giuliana Wasyluk<\/strong>, quien fue coronada en la Fiesta Sosteniendo Esperanzas, el domingo 16 de enero. Tiene 20 a\u00f1os, mide 1,67m de estatura, ojos de color verde, cabello rubio. Se encuentra cursando el \u00faltimo a\u00f1o de Gesti\u00f3n de Empresas en el ITU. En su tiempo libre va al gimnasio, andar en bici, comparte todos los momentos que puede con amigos y familia. Al ser consultada por la prensa manifest\u00f3: \u201c<strong><em>Sigue siendo una semana muy linda, con grandes momentos, nos llevamos muy bien con todas las candidatas y estamos al tanto de lo que necesita cada una. La verdad que es un orgullo poder representar a mis ra\u00edces<\/em><\/strong>\u201d.<\/span><\/p>\n<p><span style=\"color: #000000;\">En <strong>Alvear Oeste, Karen Far\u00edas<\/strong> fue coronada el s\u00e1bado 22 de enero. La joven tiene 21 a\u00f1os, 1,57m de altura, ojos marrones, cabello casta\u00f1o claro, cursa la Tecnicatura superior en preceptor\u00eda escolar y disfruta pasar tiempo con su familia. Resalt\u00f3: \u201c<strong><em>Hemos aprendido muchas cosas y visitamos muchos lugares, somos cinco solamente y nos llevamos muy bien entre nosotras ya que aprendemos juntas<\/em><\/strong>\u201d.<\/span><\/p>\n<p><span style=\"color: #000000;\">El <strong>domingo 23 de enero<\/strong>, en la Peatonal del Arte y el Vino de Ciudad, fueron <strong>coronadas dos candidatas, la representante de Los Compartos y El Juncalito<\/strong>.<\/span><\/p>\n<p><span style=\"color: #000000;\">La <strong>Reina de Los Compartos es Justine Zarini<\/strong>, de 23 a\u00f1os, 1,62m, ojos verdes, cabello casta\u00f1o claro, es Profesora de Equitaci\u00f3n y cursa Veterinaria. En sus tiempos libres lee, toca la guitarra, anda a caballo, hace deporte y pasa tiempo con su familia. \u201c<strong><em>Aprendimos muchas cosas, este viernes nos toc\u00f3 visitar las bodegas y aprendimos mucho de vinos. En mi caso, mi familia elabora vino de forma artesanal y est\u00e1 muy bueno conocer c\u00f3mo se trabaja en otros lugares<\/em><\/strong>\u201d.<\/span><\/p>\n<p><span style=\"color: #000000;\">La <strong>Soberana de El Juncalito, Roc\u00edo Alferez<\/strong>, de 18 a\u00f1os, 1,81m de estatura, posee ojos color miel, cabello rubio. Estudia Comercio Internacional, escribe poes\u00eda, practica deportes, pasa tiempo con sus sobrinos y amigos. Respecto al reinado destac\u00f3: \u201c<strong><em>Es una semana intensa, cargada de actividades hermosas, y aunque estemos cansadas vale la pena porque aprendemos mucho. Este es un anhelo que tengo desde muy chica y poder representar aquello que vengo escuchando de toda la vida es un orgullo<\/em><\/strong>\u201d.<\/span><\/p>\n","protected":false},"excerpt":{"rendered":"<p>La Directora de Cultura Liana Piedrafita, en conferencia de prensa, brind\u00f3 detalles de los eventos vendimiales, de la Fiesta Departamental de &#8230;<\/p>\n","protected":false},"author":8,"featured_media":104945,"comment_status":"open","ping_status":"open","sticky":false,"template":"","format":"standard","meta":{"footnotes":""},"categories":[5,25],"tags":[],"class_list":["post-104941","post","type-post","status-publish","format-standard","has-post-thumbnail","hentry","category-actualidad","category-vendimia"],"_links":{"self":[{"href":"https:\/\/vinasfm.com\/noticias\/wp-json\/wp\/v2\/posts\/104941","targetHints":{"allow":["GET"]}}],"collection":[{"href":"https:\/\/vinasfm.com\/noticias\/wp-json\/wp\/v2\/posts"}],"about":[{"href":"https:\/\/vinasfm.com\/noticias\/wp-json\/wp\/v2\/types\/post"}],"author":[{"embeddable":true,"href":"https:\/\/vinasfm.com\/noticias\/wp-json\/wp\/v2\/users\/8"}],"replies":[{"embeddable":true,"href":"https:\/\/vinasfm.com\/noticias\/wp-json\/wp\/v2\/comments?post=104941"}],"version-history":[{"count":5,"href":"https:\/\/vinasfm.com\/noticias\/wp-json\/wp\/v2\/posts\/104941\/revisions"}],"predecessor-version":[{"id":104955,"href":"https:\/\/vinasfm.com\/noticias\/wp-json\/wp\/v2\/posts\/104941\/revisions\/104955"}],"wp:featuredmedia":[{"embeddable":true,"href":"https:\/\/vinasfm.com\/noticias\/wp-json\/wp\/v2\/media\/104945"}],"wp:attachment":[{"href":"https:\/\/vinasfm.com\/noticias\/wp-json\/wp\/v2\/media?parent=104941"}],"wp:term":[{"taxonomy":"category","embeddable":true,"href":"https:\/\/vinasfm.com\/noticias\/wp-json\/wp\/v2\/categories?post=104941"},{"taxonomy":"post_tag","embeddable":true,"href":"https:\/\/vinasfm.com\/noticias\/wp-json\/wp\/v2\/tags?post=104941"}],"curies":[{"name":"wp","href":"https:\/\/api.w.org\/{rel}","templated":true}]}}