{"id":104935,"date":"2022-01-31T23:59:53","date_gmt":"2022-02-01T02:59:53","guid":{"rendered":"http:\/\/vinasfm.com\/noticias\/?p=104935"},"modified":"2022-02-01T20:01:42","modified_gmt":"2022-02-01T23:01:42","slug":"robo-de-cobre-danaron-dos-nuevos-transformadores-electricos-en-la-zona-rural","status":"publish","type":"post","link":"https:\/\/vinasfm.com\/noticias\/robo-de-cobre-danaron-dos-nuevos-transformadores-electricos-en-la-zona-rural\/","title":{"rendered":"ROBO DE COBRE: DA\u00d1ARON DOS NUEVOS TRANSFORMADORES EL\u00c9CTRICOS EN LA ZONA RURAL"},"content":{"rendered":"<p><span style=\"color: #000000;\"><strong>En horas de la madrugada de este domingo<\/strong> la Polic\u00eda trabaj\u00f3 en torno a la<strong> rotura de dos transformadores el\u00e9ctricos y posterior extracci\u00f3n de los bobinado de cobre<\/strong> por parte, de lo que se supone,<strong> el mismo grupo de delincuentes que 24 horas antes hab\u00edan cometido similares delitos en otros puntos del departamento<\/strong>.<\/span><\/p>\n<p><span style=\"color: #000000;\">Consultado, el <strong>Subcomisario Jos\u00e9 L\u00f3pez<\/strong> se\u00f1al\u00f3 en di\u00e1logo con <strong>F.M. VI\u00d1AS<\/strong> que <strong>alrededor de las 02hs de este domingo<\/strong> un llamado al 911 advirti\u00f3 sobre la <strong>rotura de un transformador que alimenta de energ\u00eda la zona ubicada en calles O y 11<\/strong>.\u00a0<\/span><\/p>\n<p><span style=\"color: #000000;\">Horas m\u00e1s tarde, <strong>alrededor de las 5:30hs<\/strong>, tomaron conocimiento de otro similar hecho delictivo <strong>ocurrido en inmediaciones de calles 10 y M<\/strong>. Esta vez,<strong> los malvivientes lograron apoderarse del bobinado de cobre y darse a la fuga<\/strong>.<\/span><\/p>\n<p><span style=\"color: #000000;\">Al arribar a ambos sitios confirmaron los il\u00edcitos y dieron cuenta de lo sucedido ante la <strong>Unidad Fiscal de Comisar\u00eda 14\u00b0<\/strong>.<\/span><\/p>\n","protected":false},"excerpt":{"rendered":"<p>En horas de la madrugada de este domingo la Polic\u00eda trabaj\u00f3 en torno a la rotura de dos transformadores el\u00e9ctricos y &#8230;<\/p>\n","protected":false},"author":8,"featured_media":104936,"comment_status":"open","ping_status":"open","sticky":false,"template":"","format":"standard","meta":{"footnotes":""},"categories":[1],"tags":[],"class_list":["post-104935","post","type-post","status-publish","format-standard","has-post-thumbnail","hentry","category-fmvinas"],"_links":{"self":[{"href":"https:\/\/vinasfm.com\/noticias\/wp-json\/wp\/v2\/posts\/104935","targetHints":{"allow":["GET"]}}],"collection":[{"href":"https:\/\/vinasfm.com\/noticias\/wp-json\/wp\/v2\/posts"}],"about":[{"href":"https:\/\/vinasfm.com\/noticias\/wp-json\/wp\/v2\/types\/post"}],"author":[{"embeddable":true,"href":"https:\/\/vinasfm.com\/noticias\/wp-json\/wp\/v2\/users\/8"}],"replies":[{"embeddable":true,"href":"https:\/\/vinasfm.com\/noticias\/wp-json\/wp\/v2\/comments?post=104935"}],"version-history":[{"count":2,"href":"https:\/\/vinasfm.com\/noticias\/wp-json\/wp\/v2\/posts\/104935\/revisions"}],"predecessor-version":[{"id":104939,"href":"https:\/\/vinasfm.com\/noticias\/wp-json\/wp\/v2\/posts\/104935\/revisions\/104939"}],"wp:featuredmedia":[{"embeddable":true,"href":"https:\/\/vinasfm.com\/noticias\/wp-json\/wp\/v2\/media\/104936"}],"wp:attachment":[{"href":"https:\/\/vinasfm.com\/noticias\/wp-json\/wp\/v2\/media?parent=104935"}],"wp:term":[{"taxonomy":"category","embeddable":true,"href":"https:\/\/vinasfm.com\/noticias\/wp-json\/wp\/v2\/categories?post=104935"},{"taxonomy":"post_tag","embeddable":true,"href":"https:\/\/vinasfm.com\/noticias\/wp-json\/wp\/v2\/tags?post=104935"}],"curies":[{"name":"wp","href":"https:\/\/api.w.org\/{rel}","templated":true}]}}