{"id":104928,"date":"2022-01-31T23:50:32","date_gmt":"2022-02-01T02:50:32","guid":{"rendered":"http:\/\/vinasfm.com\/noticias\/?p=104928"},"modified":"2022-02-02T09:11:53","modified_gmt":"2022-02-02T12:11:53","slug":"hospitalizaron-a-un-policia-agredido-por-dos-jovenes-armados-en-la-enramada","status":"publish","type":"post","link":"https:\/\/vinasfm.com\/noticias\/hospitalizaron-a-un-policia-agredido-por-dos-jovenes-armados-en-la-enramada\/","title":{"rendered":"HOSPITALIZARON A UN POLIC\u00cdA AGREDIDO POR DOS J\u00d3VENES ARMADOS EN LA &#8216;ENRAMADA&#8217;"},"content":{"rendered":"<h4><span style=\"color: #000000;\"><strong>Un efectivo polic\u00eda fue debi\u00f3 ser asistido luego de ser agredido por dos j\u00f3venes, uno de 16 y otro de 25 a\u00f1os, en horas de la ma\u00f1ana de este domingo en la enramada. Ambos, atacaron al uniformado haciendo uso de armas blancas.<\/strong><\/span><\/h4>\n<p><span style=\"color: #000000;\">Al respecto se refiri\u00f3 el <strong>Subcomisario Jos\u00e9 L\u00f3pez<\/strong> en di\u00e1logo con <strong>F.M. VI\u00d1AS<\/strong> reconstruyendo que <strong>cerca de las 9:45hs de ayer<\/strong> personal de <strong>Cuerpos Especiales<\/strong> acudi\u00f3 al lugar, ubicado en <strong>calle San Juan s\/n<\/strong>, luego de ser advertidos al 911 sobre la <strong>presencia de un grupo compuesto por 9 j\u00f3venes que estaban causando desmanes<\/strong>.<\/span><\/p>\n<p><span style=\"color: #000000;\">Al arribar, los uniformados entrevistaron a los miembros del grupo, que <strong>estaban consumiendo bebidas alcoh\u00f3licas<\/strong>, pero estos lejos de moderar sus actos <strong>comenzaron a insultar a la Polic\u00eda<\/strong>.<\/span><\/p>\n<p><span style=\"color: #000000;\">De un momento a otro, en medio de la acalorada discusi\u00f3n, <strong>un menor de 16 a\u00f1os empu\u00f1ando un arma blanca (<em>tipo machete<\/em>) intent\u00f3 agredir a uno de los efectivos<\/strong> pero al fallar <strong>intervino otro joven (25) quien esgrimiendo un cuchillo (<em>tramontina<\/em>) logr\u00f3 asestarle un corte al polic\u00eda en su mu\u00f1eca izquierda y golpes de pu\u00f1o en rostro y cervical<\/strong>.\u00a0<\/span><\/p>\n<p><span style=\"color: #000000;\">Inmediatamente, el resto de los funcionarios uniformados <strong>redujeron a ambos atacantes y los trasladaron a Comisar\u00eda 14\u00b0<\/strong>, mientras que <strong>el resto fue procesado por infracci\u00f3n al C\u00f3digo Contravencional<\/strong>.<\/span><\/p>\n<p><span style=\"color: #000000;\">L\u00f3pez inform\u00f3 que, por disposici\u00f3n de la Justicia, <strong>el menor fue trasladado en horas de la tarde a la Comisar\u00eda del Menor<\/strong> mientras que <strong>el segundo contin\u00faa detenido en la sede policial<\/strong>. <\/span><\/p>\n<p><span style=\"color: #000000;\">Se labraron actuaciones en &#8216;<strong><em>Averiguaci\u00f3n Atentado contra la autoridad<\/em><\/strong>&#8216; bajo instrucci\u00f3n de la Unidad Fiscal de General Alvear.<\/span><\/p>\n","protected":false},"excerpt":{"rendered":"<p>Un efectivo polic\u00eda fue debi\u00f3 ser asistido luego de ser agredido por dos j\u00f3venes, uno de 16 y otro de 25 &#8230;<\/p>\n","protected":false},"author":8,"featured_media":41352,"comment_status":"open","ping_status":"open","sticky":false,"template":"","format":"standard","meta":{"footnotes":""},"categories":[5,4],"tags":[],"class_list":["post-104928","post","type-post","status-publish","format-standard","has-post-thumbnail","hentry","category-actualidad","category-policiales"],"_links":{"self":[{"href":"https:\/\/vinasfm.com\/noticias\/wp-json\/wp\/v2\/posts\/104928","targetHints":{"allow":["GET"]}}],"collection":[{"href":"https:\/\/vinasfm.com\/noticias\/wp-json\/wp\/v2\/posts"}],"about":[{"href":"https:\/\/vinasfm.com\/noticias\/wp-json\/wp\/v2\/types\/post"}],"author":[{"embeddable":true,"href":"https:\/\/vinasfm.com\/noticias\/wp-json\/wp\/v2\/users\/8"}],"replies":[{"embeddable":true,"href":"https:\/\/vinasfm.com\/noticias\/wp-json\/wp\/v2\/comments?post=104928"}],"version-history":[{"count":6,"href":"https:\/\/vinasfm.com\/noticias\/wp-json\/wp\/v2\/posts\/104928\/revisions"}],"predecessor-version":[{"id":104968,"href":"https:\/\/vinasfm.com\/noticias\/wp-json\/wp\/v2\/posts\/104928\/revisions\/104968"}],"wp:featuredmedia":[{"embeddable":true,"href":"https:\/\/vinasfm.com\/noticias\/wp-json\/wp\/v2\/media\/41352"}],"wp:attachment":[{"href":"https:\/\/vinasfm.com\/noticias\/wp-json\/wp\/v2\/media?parent=104928"}],"wp:term":[{"taxonomy":"category","embeddable":true,"href":"https:\/\/vinasfm.com\/noticias\/wp-json\/wp\/v2\/categories?post=104928"},{"taxonomy":"post_tag","embeddable":true,"href":"https:\/\/vinasfm.com\/noticias\/wp-json\/wp\/v2\/tags?post=104928"}],"curies":[{"name":"wp","href":"https:\/\/api.w.org\/{rel}","templated":true}]}}