{"id":104925,"date":"2022-01-31T11:30:38","date_gmt":"2022-01-31T14:30:38","guid":{"rendered":"http:\/\/vinasfm.com\/noticias\/?p=104925"},"modified":"2022-01-31T12:22:39","modified_gmt":"2022-01-31T15:22:39","slug":"joven-de-24-anos-perdio-la-vida-tras-ser-embestido-por-un-vehiculo-en-monte-coman","status":"publish","type":"post","link":"https:\/\/vinasfm.com\/noticias\/joven-de-24-anos-perdio-la-vida-tras-ser-embestido-por-un-vehiculo-en-monte-coman\/","title":{"rendered":"JOVEN DE 24 A\u00d1OS PERDI\u00d3 LA VIDA TRAS SER EMBESTIDO POR UN VEH\u00cdCULO EN MONTE COM\u00c1N"},"content":{"rendered":"<h4><strong><span style=\"color: #000000;\">En la noche de este viernes, pasadas las 22.30, se produjo un fatal accidente vial en la intersecci\u00f3n de calles C\u00f3rdoba y R\u00edo de Janeiro, del distrito Monte Com\u00e1n.<\/span><\/strong><\/h4>\n<p><span style=\"color: #000000;\">All\u00ed, por causas que se tratan de investigar, <strong>un joven de 24 a\u00f1os que se trasladaba en una motocicleta por calle R\u00edo de Janeiro de Este a Oeste<\/strong>, fue <strong>colisionado por un autom\u00f3vil Renault 12<\/strong> al mando de otro vecino del distrito, justo detr\u00e1s de la escuela T\u00e9cnica Juan Pablo II. El conductor<strong> se dirig\u00eda por C\u00f3rdoba al Sur, quien tras colisionar con el motociclista se dio a la fuga<\/strong>.<\/span><\/p>\n<p><span style=\"color: #000000;\">A ra\u00edz del impacto, <strong>el joven motociclista fue asistido y trasladado al Hospital Schestakow<\/strong>, pero lamentablemente nada se pudo hacer, ya que <strong>se constat\u00f3 su deceso por traumatismo grave de cr\u00e1neo al llegar al nosocomio<\/strong>. El hombre fue identificado como <strong><em>Fabricio Alexander Orozco<\/em><\/strong>.<\/span><\/p>\n<p><span style=\"color: #000000;\">En cuanto a los hechos, el personal policial comenz\u00f3 a realizar las respectivas averiguaciones sobre el otro involucrado que se hab\u00eda dado a la fuga del lugar, logrando momentos m\u00e1s tarde, dar con el domicilio del conductor del auto. <\/span><\/p>\n<p><span style=\"color: #000000;\"><strong>Se trata de otro joven de 23 a\u00f1os, quien fue detenido y trasladado junto al secuestro del Renault 12 a la Comisar\u00eda 64\u00b0<\/strong> donde se labran actuaciones en averiguaci\u00f3n homicidio culposo.<\/span><\/p>\n","protected":false},"excerpt":{"rendered":"<p>En la noche de este viernes, pasadas las 22.30, se produjo un fatal accidente vial en la intersecci\u00f3n de calles C\u00f3rdoba &#8230;<\/p>\n","protected":false},"author":8,"featured_media":63002,"comment_status":"open","ping_status":"open","sticky":false,"template":"","format":"standard","meta":{"footnotes":""},"categories":[5,4],"tags":[],"class_list":["post-104925","post","type-post","status-publish","format-standard","has-post-thumbnail","hentry","category-actualidad","category-policiales"],"_links":{"self":[{"href":"https:\/\/vinasfm.com\/noticias\/wp-json\/wp\/v2\/posts\/104925","targetHints":{"allow":["GET"]}}],"collection":[{"href":"https:\/\/vinasfm.com\/noticias\/wp-json\/wp\/v2\/posts"}],"about":[{"href":"https:\/\/vinasfm.com\/noticias\/wp-json\/wp\/v2\/types\/post"}],"author":[{"embeddable":true,"href":"https:\/\/vinasfm.com\/noticias\/wp-json\/wp\/v2\/users\/8"}],"replies":[{"embeddable":true,"href":"https:\/\/vinasfm.com\/noticias\/wp-json\/wp\/v2\/comments?post=104925"}],"version-history":[{"count":1,"href":"https:\/\/vinasfm.com\/noticias\/wp-json\/wp\/v2\/posts\/104925\/revisions"}],"predecessor-version":[{"id":104926,"href":"https:\/\/vinasfm.com\/noticias\/wp-json\/wp\/v2\/posts\/104925\/revisions\/104926"}],"wp:featuredmedia":[{"embeddable":true,"href":"https:\/\/vinasfm.com\/noticias\/wp-json\/wp\/v2\/media\/63002"}],"wp:attachment":[{"href":"https:\/\/vinasfm.com\/noticias\/wp-json\/wp\/v2\/media?parent=104925"}],"wp:term":[{"taxonomy":"category","embeddable":true,"href":"https:\/\/vinasfm.com\/noticias\/wp-json\/wp\/v2\/categories?post=104925"},{"taxonomy":"post_tag","embeddable":true,"href":"https:\/\/vinasfm.com\/noticias\/wp-json\/wp\/v2\/tags?post=104925"}],"curies":[{"name":"wp","href":"https:\/\/api.w.org\/{rel}","templated":true}]}}