{"id":104916,"date":"2022-01-29T23:30:13","date_gmt":"2022-01-30T02:30:13","guid":{"rendered":"http:\/\/vinasfm.com\/noticias\/?p=104916"},"modified":"2022-01-31T11:44:04","modified_gmt":"2022-01-31T14:44:04","slug":"con-gran-cantidad-de-publico-do-acorde-brillo-en-costanera-suena","status":"publish","type":"post","link":"https:\/\/vinasfm.com\/noticias\/con-gran-cantidad-de-publico-do-acorde-brillo-en-costanera-suena\/","title":{"rendered":"CON GRAN CANTIDAD DE P\u00daBLICO &#8216;DO ACORDE&#8217; BRILL\u00d3 EN COSTANERA SUENA"},"content":{"rendered":"<h4><span style=\"color: #000000;\"><strong>En Costanera Alvear se realiz\u00f3 un nuevo evento a orillas del R\u00edo Atuel con m\u00fasicos locales, gastronom\u00eda y tragos del Viejo Vag\u00f3n. Al evento, asistieron muchas familias y grupos de amigos para disfrutar una noche diferente en Alvear, donde &#8216;Ca\u00edda Libre&#8217; y &#8216;Do Acorde&#8217; fueron las bandas invitadas.<\/strong><\/span><\/h4>\n<p><span style=\"color: #000000;\">La <strong>Directora de Turismo Fabiana Gonz\u00e1lez<\/strong> expres\u00f3: \u201c<strong><em>Estoy feliz de terminar este enero en Costanera Suena, donde todos los jueves hemos compartido m\u00fasica en vivo, arte, gastronom\u00eda, entretenimientos, recreaci\u00f3n. Han venido a disfrutar familias, amigos, turistas y alvearenses, por supuesto. Los artistas son los que quieren sumarse y ser parte de esta costanera, de este r\u00edo, que, por suerte, cada vez m\u00e1s gente lo elige. En febrero estamos pensando en organizar una noche de Tango, otra de pe\u00f1a, para ir cambiando y cubrir los gustos de la gente<\/em><\/strong>\u201d.<\/span><\/p>\n<p><span style=\"color: #000000;\">Por su parte,<strong> Nico Bello<\/strong>, de<strong> Do Acorde<\/strong>, destac\u00f3 que est\u00e1n volviendo a tocar despu\u00e9s de mucho tiempo: \u201c<strong><em>Estamos con muchas ganas de ensayar en estos d\u00edas, porque nos motiva la m\u00fasica, volver a juntarnos y compartir con la gente<\/em><\/strong>\u201d, adem\u00e1s, resalt\u00f3 que la Costanera est\u00e1 cada d\u00eda m\u00e1s linda.<\/span><\/p>\n<p><span style=\"color: #000000;\">Por su parte, <strong>Fabiana Gonz\u00e1lez<\/strong>, hizo un balance de la temporada tur\u00edstica hasta la fecha: &#8216;<strong><em>Es uno de los eneros donde mejor se trabaj\u00f3 en cuanto a la ocupaci\u00f3n, y las tareas junto al prestador tur\u00edstico. Ellos est\u00e1n contentos porque el turista eligi\u00f3 quedarse en Alvear con un alto promedio de cantidad de noches, con un gasto aproximado de $5000 por persona y por d\u00eda, siendo un dinero que ingresa y queda en el Departamento<\/em><\/strong>&#8216;. <\/span><\/p>\n<p><span style=\"color: #000000;\">&#8216;<strong><em>Tambi\u00e9n favorece el Pre Viaje, que ha generado un movimiento interno en el Pa\u00eds, quiz\u00e1s motivado por la situaci\u00f3n sanitaria actual, que ha permitido que muchos turistas conozcan Alvear y disfruten aqu\u00ed sus vacaciones, siendo una oportunidad \u00fanica<\/em><\/strong>&#8216;, subray\u00f3. <\/span><\/p>\n<p><span style=\"color: #000000;\">Finalmente sostuvo: \u201c<strong><em>Los turistas se van contentos, se sorprenden por lo que vemos todos los d\u00edas, como la limpieza de nuestras calles, las plazas, los artesanos, el Mercado municipal, los precios, la atenci\u00f3n que se brinda. Estos son valores que van a servir para construir el destino tur\u00edstico General Alvear<\/em><\/strong>\u201d.<\/span><\/p>\n","protected":false},"excerpt":{"rendered":"<p>En Costanera Alvear se realiz\u00f3 un nuevo evento a orillas del R\u00edo Atuel con m\u00fasicos locales, gastronom\u00eda y tragos del Viejo &#8230;<\/p>\n","protected":false},"author":8,"featured_media":104919,"comment_status":"open","ping_status":"open","sticky":false,"template":"","format":"standard","meta":{"footnotes":""},"categories":[5,10],"tags":[],"class_list":["post-104916","post","type-post","status-publish","format-standard","has-post-thumbnail","hentry","category-actualidad","category-destacadas"],"_links":{"self":[{"href":"https:\/\/vinasfm.com\/noticias\/wp-json\/wp\/v2\/posts\/104916","targetHints":{"allow":["GET"]}}],"collection":[{"href":"https:\/\/vinasfm.com\/noticias\/wp-json\/wp\/v2\/posts"}],"about":[{"href":"https:\/\/vinasfm.com\/noticias\/wp-json\/wp\/v2\/types\/post"}],"author":[{"embeddable":true,"href":"https:\/\/vinasfm.com\/noticias\/wp-json\/wp\/v2\/users\/8"}],"replies":[{"embeddable":true,"href":"https:\/\/vinasfm.com\/noticias\/wp-json\/wp\/v2\/comments?post=104916"}],"version-history":[{"count":2,"href":"https:\/\/vinasfm.com\/noticias\/wp-json\/wp\/v2\/posts\/104916\/revisions"}],"predecessor-version":[{"id":104924,"href":"https:\/\/vinasfm.com\/noticias\/wp-json\/wp\/v2\/posts\/104916\/revisions\/104924"}],"wp:featuredmedia":[{"embeddable":true,"href":"https:\/\/vinasfm.com\/noticias\/wp-json\/wp\/v2\/media\/104919"}],"wp:attachment":[{"href":"https:\/\/vinasfm.com\/noticias\/wp-json\/wp\/v2\/media?parent=104916"}],"wp:term":[{"taxonomy":"category","embeddable":true,"href":"https:\/\/vinasfm.com\/noticias\/wp-json\/wp\/v2\/categories?post=104916"},{"taxonomy":"post_tag","embeddable":true,"href":"https:\/\/vinasfm.com\/noticias\/wp-json\/wp\/v2\/tags?post=104916"}],"curies":[{"name":"wp","href":"https:\/\/api.w.org\/{rel}","templated":true}]}}