{"id":104908,"date":"2022-01-29T00:01:09","date_gmt":"2022-01-29T03:01:09","guid":{"rendered":"http:\/\/vinasfm.com\/noticias\/?p=104908"},"modified":"2022-01-31T11:43:37","modified_gmt":"2022-01-31T14:43:37","slug":"robaron-dos-nuevos-transformadores-electricos-en-alvear","status":"publish","type":"post","link":"https:\/\/vinasfm.com\/noticias\/robaron-dos-nuevos-transformadores-electricos-en-alvear\/","title":{"rendered":"ESTE S\u00c1BADO, VANDALIZARON DOS TRANSFORMADORES EL\u00c9CTRICOS"},"content":{"rendered":"<h4><span style=\"color: #000000;\"><strong>En las \u00faltimas horas, delincuentes vandalizaron dos transformadores el\u00e9ctricos para sustraerles el bobinado de cobre, metal que se comercializa en el mercado informal, fen\u00f3meno que explica la importante cantidad de hechos delictivos de esta \u00edndole.\u00a0<\/strong><\/span><\/h4>\n<p><span style=\"color: #000000;\">El <strong>Subcomisario Jos\u00e9 L\u00f3pez<\/strong> explic\u00f3 en di\u00e1logo con <strong>F.M. VI\u00d1AS<\/strong> que &#8216;<strong><em>se trabaja en la investigaci\u00f3n de estos il\u00edcitos que han proliferado en los \u00faltimos meses por eso hemos inspeccionado chacaritas y controlamos veh\u00edculos que pueden llegar a transportar este tipo de elemento<\/em><\/strong>&#8216;.<\/span><\/p>\n<p><span style=\"color: #000000;\">La primera denuncia la recepcion\u00f3 el 911 cerca de las <strong>06:00hs de este s\u00e1bado<\/strong> por parte de un vecino que reside en <strong>calle M y 8\u00a0<\/strong>el cual al levantarse not\u00f3 que <strong>su domicilio estaba sin energ\u00eda el\u00e9ctrica<\/strong>. Al arribar personal policial constat\u00f3 que <strong>desconocidos hab\u00edan sustra\u00eddo un transformador<\/strong> ubicado a pocos metros de la vivienda.<\/span><\/p>\n<p><span style=\"color: #000000;\">Horas despu\u00e9s, alrededor de las <strong>08:00hs\u00a0<\/strong>la Polic\u00eda fue advertida de otro robo similar en la intersecci\u00f3n de <strong>calles 12 y Centenario<\/strong>. <strong>Hab\u00eda un transformador en desuso<\/strong> (seg\u00fan confirm\u00f3 personal de Cecsagall) <strong>que fue blanco de malvivientes<\/strong>.<\/span><\/p>\n<p><span style=\"color: #000000;\">En ambos casos trabaj\u00f3 <strong>personal de Comisar\u00eda 14\u00b0, Canes e Investigaciones<\/strong> para dar con los autores de los delitos. Se labran actuaciones en la Unidad Fiscal de General Alvear.<\/span><\/p>\n","protected":false},"excerpt":{"rendered":"<p>En las \u00faltimas horas, delincuentes vandalizaron dos transformadores el\u00e9ctricos para sustraerles el bobinado de cobre, metal que se comercializa en el &#8230;<\/p>\n","protected":false},"author":7,"featured_media":55306,"comment_status":"open","ping_status":"open","sticky":false,"template":"","format":"standard","meta":{"footnotes":""},"categories":[5,4],"tags":[],"class_list":["post-104908","post","type-post","status-publish","format-standard","has-post-thumbnail","hentry","category-actualidad","category-policiales"],"_links":{"self":[{"href":"https:\/\/vinasfm.com\/noticias\/wp-json\/wp\/v2\/posts\/104908","targetHints":{"allow":["GET"]}}],"collection":[{"href":"https:\/\/vinasfm.com\/noticias\/wp-json\/wp\/v2\/posts"}],"about":[{"href":"https:\/\/vinasfm.com\/noticias\/wp-json\/wp\/v2\/types\/post"}],"author":[{"embeddable":true,"href":"https:\/\/vinasfm.com\/noticias\/wp-json\/wp\/v2\/users\/7"}],"replies":[{"embeddable":true,"href":"https:\/\/vinasfm.com\/noticias\/wp-json\/wp\/v2\/comments?post=104908"}],"version-history":[{"count":5,"href":"https:\/\/vinasfm.com\/noticias\/wp-json\/wp\/v2\/posts\/104908\/revisions"}],"predecessor-version":[{"id":104943,"href":"https:\/\/vinasfm.com\/noticias\/wp-json\/wp\/v2\/posts\/104908\/revisions\/104943"}],"wp:featuredmedia":[{"embeddable":true,"href":"https:\/\/vinasfm.com\/noticias\/wp-json\/wp\/v2\/media\/55306"}],"wp:attachment":[{"href":"https:\/\/vinasfm.com\/noticias\/wp-json\/wp\/v2\/media?parent=104908"}],"wp:term":[{"taxonomy":"category","embeddable":true,"href":"https:\/\/vinasfm.com\/noticias\/wp-json\/wp\/v2\/categories?post=104908"},{"taxonomy":"post_tag","embeddable":true,"href":"https:\/\/vinasfm.com\/noticias\/wp-json\/wp\/v2\/tags?post=104908"}],"curies":[{"name":"wp","href":"https:\/\/api.w.org\/{rel}","templated":true}]}}